{"id":1126401,"date":"2026-03-18T07:26:45","date_gmt":"2026-03-18T07:26:45","guid":{"rendered":"https:\/\/dimensionturistica.com\/es\/?p=1126401"},"modified":"2026-03-18T07:26:45","modified_gmt":"2026-03-18T07:26:45","slug":"las-rutas-culturales-para-personas-mayores-en-cantabria-estaran-disponibles-a-partir-de-mayo","status":"publish","type":"post","link":"https:\/\/dimensionturistica.com\/es\/las-rutas-culturales-para-personas-mayores-en-cantabria-estaran-disponibles-a-partir-de-mayo\/","title":{"rendered":"Las Rutas Culturales para Personas Mayores en Cantabria estar\u00e1n disponibles a partir de mayo"},"content":{"rendered":"<h3>Rutas Culturales para Mayores: Un Viaje por la Historia y la Cultura de Cantabria<\/h3>\n<p>Cantabria, con su rica historia y paisajes de ensue\u00f1o, se prepara para ofrecer a los viajeros mayores una experiencia \u00fanica a partir de mayo. Las nuevas rutas culturales est\u00e1n dise\u00f1adas para fomentar la exploraci\u00f3n y el descubrimiento, permitiendo a los participantes sumergirse en la esencia de esta hermosa regi\u00f3n del norte de Espa\u00f1a.<\/p>\n<p>Estas rutas, cuidadosamente elaboradas, combinar\u00e1n aspectos hist\u00f3ricos, art\u00edsticos y naturales, garantizando que cada paso sea una oportunidad para aprender y disfrutar. Un aspecto destacado de la iniciativa es su enfoque accesible, pensado especialmente para facilitar la participaci\u00f3n de aquellas personas con movilidad reducida o que necesiten m\u00e1s atenci\u00f3n. Con gu\u00edas capacitados que brindan un apoyo integral, los participantes podr\u00e1n disfrutar al m\u00e1ximo de las experiencias sin preocuparse por las dificultades log\u00edsticas.<\/p>\n<p>Los itinerarios abarcar\u00e1n diversos puntos de inter\u00e9s cultural, desde los relevantes sitios hist\u00f3ricos de la regi\u00f3n hasta las expresiones art\u00edsticas m\u00e1s contempor\u00e1neas. Las visitas incluir\u00e1n museos, monumentos y espacios naturales, proporcionando un contexto enriquecido de cada destino. \u00bfTe imaginas recorriendo los datos fascinantes sobre la prehistoria en las cuevas de Altamira o disfrutando de la arquitectura \u00fanica de los palacios monta\u00f1eses?<\/p>\n<p>Adem\u00e1s, cada ruta se complementar\u00e1 con actividades interactivas y talleres que promuevan el aprendizaje y la convivencia. Ya sea una clase de cocina tradicional que permita descubrir los sabores t\u00edpicos o una charla sobre la historia local, los participantes se ver\u00e1n inmersos en un entorno estimulante que avivar\u00e1 su curiosidad y sentido de comunidad.<\/p>\n<p>Una de las metas de este programa es tambi\u00e9n promover el turismo en la regi\u00f3n, estimulando la econom\u00eda local y acercando a los viajeros a los comerciantes, artesanos y productores de la zona. La idea es que cada participante no solo se lleve un recuerdo personal, sino que tambi\u00e9n contribuya al desarrollo sostenible del entorno que visita.<\/p>\n<p>El lanzamiento de estas rutas culturales es un gran paso hacia una nueva forma de turismo senior, que prioriza la calidad de la experiencia y el enriquecimiento personal. Se trata de invitar a los mayores a redescubrir Cantabria, a crear conexiones significativas y a disfrutar de una vida plena a trav\u00e9s de la exploraci\u00f3n cultural.<\/p>\n<p>As\u00ed que, si tienes un esp\u00edritu aventurero y una mente curiosa, \u00a1prepara tus maletas! Cantabria te espera, con sus puertas abiertas y un amplio abanico de oportunidades para que vivas momentos inolvidables. Este verano, no te limites a mirar fotograf\u00edas; convi\u00e9rtete en la historia que siempre has querido contar.<\/p>\n<p><em> &#8221; Sources www.eldiariomontanes.es &#8221; <\/em><\/p>\n","protected":false},"excerpt":{"rendered":"<p>Rutas Culturales para Mayores: Un Viaje por la Historia y la Cultura de Cantabria Cantabria, con su rica historia y paisajes de ensue\u00f1o, se prepara para ofrecer a los viajeros mayores una experiencia \u00fanica a partir de mayo. Las nuevas rutas culturales est\u00e1n dise\u00f1adas para fomentar la exploraci\u00f3n y el descubrimiento, permitiendo a los participantes [&hellip;]<\/p>\n","protected":false},"author":4,"featured_media":1126402,"comment_status":"open","ping_status":"closed","sticky":false,"template":"","format":"standard","meta":{"om_disable_all_campaigns":false,"jnews-multi-image_gallery":[],"jnews_single_post":[],"jnews_primary_category":[],"jnews_social_meta":[],"footnotes":""},"categories":[40],"tags":[1105,5845,271785,662,3658,770,14915,5937,1322,190602,3002,9332,544,545],"class_list":["post-1126401","post","type-post","status-publish","format-standard","has-post-thumbnail","hentry","category-industria","tag-actividades","tag-cantabria","tag-comecializaran","tag-cultura","tag-culturales","tag-espana","tag-mayo","tag-partir","tag-patrimonio","tag-ruta-cultural","tag-rutas","tag-senior","tag-turismo","tag-viajes"],"_links":{"self":[{"href":"https:\/\/dimensionturistica.com\/es\/wp-json\/wp\/v2\/posts\/1126401","targetHints":{"allow":["GET"]}}],"collection":[{"href":"https:\/\/dimensionturistica.com\/es\/wp-json\/wp\/v2\/posts"}],"about":[{"href":"https:\/\/dimensionturistica.com\/es\/wp-json\/wp\/v2\/types\/post"}],"author":[{"embeddable":true,"href":"https:\/\/dimensionturistica.com\/es\/wp-json\/wp\/v2\/users\/4"}],"replies":[{"embeddable":true,"href":"https:\/\/dimensionturistica.com\/es\/wp-json\/wp\/v2\/comments?post=1126401"}],"version-history":[{"count":1,"href":"https:\/\/dimensionturistica.com\/es\/wp-json\/wp\/v2\/posts\/1126401\/revisions"}],"predecessor-version":[{"id":1126403,"href":"https:\/\/dimensionturistica.com\/es\/wp-json\/wp\/v2\/posts\/1126401\/revisions\/1126403"}],"wp:featuredmedia":[{"embeddable":true,"href":"https:\/\/dimensionturistica.com\/es\/wp-json\/wp\/v2\/media\/1126402"}],"wp:attachment":[{"href":"https:\/\/dimensionturistica.com\/es\/wp-json\/wp\/v2\/media?parent=1126401"}],"wp:term":[{"taxonomy":"category","embeddable":true,"href":"https:\/\/dimensionturistica.com\/es\/wp-json\/wp\/v2\/categories?post=1126401"},{"taxonomy":"post_tag","embeddable":true,"href":"https:\/\/dimensionturistica.com\/es\/wp-json\/wp\/v2\/tags?post=1126401"}],"curies":[{"name":"wp","href":"https:\/\/api.w.org\/{rel}","templated":true}]}}