{"id":1126118,"date":"2026-03-17T18:07:52","date_gmt":"2026-03-17T18:07:52","guid":{"rendered":"https:\/\/dimensionturistica.com\/es\/?p=1126118"},"modified":"2026-03-17T18:07:52","modified_gmt":"2026-03-17T18:07:52","slug":"12-tendencias-de-belleza-primaverales-para-2026-que-debes-conocer","status":"publish","type":"post","link":"https:\/\/dimensionturistica.com\/es\/12-tendencias-de-belleza-primaverales-para-2026-que-debes-conocer\/","title":{"rendered":"12 Tendencias de Belleza Primaverales para 2026 que Debes Conocer"},"content":{"rendered":"<h1>Tendencias de Belleza para Primavera 2026: Un Viaje a la Innovaci\u00f3n<\/h1>\n<p>La primavera de 2026 se perfila como una temporada disruptiva en el mundo de la belleza, marcada por un enfoque audaz e innovador que redefine los est\u00e1ndares est\u00e9ticos. Las pasarelas y los escaparates se convierten en escenarios de creatividad, donde la belleza va m\u00e1s all\u00e1 de la superficie y se integra con la individualidad y la sostenibilidad.<\/p>\n<h2>Colores Vibrantes y Texturas Inusuales<\/h2>\n<p>Este a\u00f1o, los tonos audaces se toman el protagonismo. Desde fucsias intensos hasta verdes esmeralda, la paleta de primavera invita a experimentar sin l\u00edmites. Los expertos en belleza sugieren combinar colores inesperados, iluminando no solo la piel, sino tambi\u00e9n las emociones. La tendencia no se detiene ah\u00ed; las texturas cobran vida, con labiales mate combinados con tonos met\u00e1licos y rubores cremosos, creando un efecto tridimensional que asombra a primera vista.<\/p>\n<h2>La Piel como Lienzo<\/h2>\n<p>La piel radiante permanece en el centro de atenci\u00f3n, pero esta temporada se presenta de manera distinta. La t\u00e9cnica del \u201cglow\u201d se reinventa, enfoc\u00e1ndose en el cuidado pre-maquillaje. Hidratantes enriquecidos con ingredientes naturales no solo preparan la piel, sino que la transforman en un aut\u00e9ntico lienzo. Los productos a base de agua y aceites ligeros son esenciales, otorgando un acabado fresco que permite resaltar la belleza natural de cada individuo.<\/p>\n<h2>Innovaciones en Cuidado Capilar<\/h2>\n<p>Los cabellos tambi\u00e9n juegan un papel fundamental. La primavera de 2026 trae t\u00e9cnicas de coloraci\u00f3n que simulan los matices naturales del cabello, desde balayages sutiles hasta mechas iridiscentes. Las texturas sueltas y los peinados relajados, mezclando trenzas y ondas suaves, evocan un sentido de despreocupaci\u00f3n y libertad. Adem\u00e1s, los tratamientos capilares basados en tecnolog\u00eda avanzada prometen un brillo irresistible y salud a largo plazo.<\/p>\n<h2>Maquillaje Sustentable<\/h2>\n<p>Consciencia ecol\u00f3gica y est\u00e9tica van de la mano esta temporada. La tendencia hacia el maquillaje sostenible y eco-amigable se reafirma, impulsando el uso de productos con envases reciclables y f\u00f3rmulas biodegradables. Los cosm\u00e9ticos no solo embellecen, sino que tambi\u00e9n cuidan el planeta. Esta revoluci\u00f3n \u00e9tica se manifiesta en la elecci\u00f3n de ingredientes, donde las marcas buscan minimizar su huella ecol\u00f3gica sin sacrificar el glamour.<\/p>\n<h2>Aromas que Encantan<\/h2>\n<p>No se puede hablar de belleza sin mencionar la fragancia. Este a\u00f1o, los aromas frescos y florales dominan el aire. Las notas de jazm\u00edn, peon\u00eda y c\u00edtricos arrasan, evocando la esencia de un jard\u00edn en plena floraci\u00f3n. La personalizaci\u00f3n de perfumes, donde cada persona puede crear su combinaci\u00f3n \u00fanica, se convierte en una experiencia que realza la individualidad.<\/p>\n<h2>Accesorios que Impactan<\/h2>\n<p>Los accesorios de belleza tambi\u00e9n son protagonistas. Desde brochas de maquillaje con dise\u00f1os art\u00edsticos hasta estuches inspirados en la naturaleza, cada detalle cuenta. Incorporar joyer\u00eda facial, como cadenas y gemas en el rostro, se convierte en una afirmaci\u00f3n de estilo, rompiendo las barreras entre belleza y arte.<\/p>\n<h2>Celebraci\u00f3n de la Individualidad<\/h2>\n<p>Lo m\u00e1s destacado de estas tendencias es la celebraci\u00f3n de la individualidad. En un mundo donde la diversidad es la norma, la expresi\u00f3n personal a trav\u00e9s de la belleza se convierte en un manifiesto. Cada look es \u00fanico, cada elecci\u00f3n es valiosa, y el objetivo es empoderar a cada persona a que abrace su autenticidad con seguridad.<\/p>\n<p>La primavera de 2026 promete ser una \u00e9poca decisiva en el \u00e1mbito de la belleza, donde la creatividad y la sostenibilidad se entrelazan para dar forma a un nuevo concepto de belleza. Ser parte del cambio nunca fue tan atractivo y emocionante. \u00a1Adelante, a explorar y experimentar estas innovaciones de belleza que est\u00e1n revolucionando la industria!<\/p>\n<p><em> &#8221; Fuentes www.vogue.com &#8221; <\/em><\/p>\n","protected":false},"excerpt":{"rendered":"<p>Tendencias de Belleza para Primavera 2026: Un Viaje a la Innovaci\u00f3n La primavera de 2026 se perfila como una temporada disruptiva en el mundo de la belleza, marcada por un enfoque audaz e innovador que redefine los est\u00e1ndares est\u00e9ticos. Las pasarelas y los escaparates se convierten en escenarios de creatividad, donde la belleza va m\u00e1s [&hellip;]<\/p>\n","protected":false},"author":14,"featured_media":1126119,"comment_status":"open","ping_status":"closed","sticky":false,"template":"","format":"standard","meta":{"om_disable_all_campaigns":false,"jnews-multi-image_gallery":[],"jnews_single_post":[],"jnews_primary_category":[],"jnews_social_meta":[],"footnotes":""},"categories":[144872],"tags":[55723,136391,200440,166,200437,198593,69804,228937,202,120189,213553],"class_list":["post-1126118","post","type-post","status-publish","format-standard","has-post-thumbnail","hentry","category-fashion","tag-55723","tag-beauty-tips","tag-beauty-trends","tag-fashion","tag-hair-trends","tag-makeup","tag-professionals","tag-seasonal-beauty","tag-shopping","tag-skincare","tag-spring-beauty"],"_links":{"self":[{"href":"https:\/\/dimensionturistica.com\/es\/wp-json\/wp\/v2\/posts\/1126118","targetHints":{"allow":["GET"]}}],"collection":[{"href":"https:\/\/dimensionturistica.com\/es\/wp-json\/wp\/v2\/posts"}],"about":[{"href":"https:\/\/dimensionturistica.com\/es\/wp-json\/wp\/v2\/types\/post"}],"author":[{"embeddable":true,"href":"https:\/\/dimensionturistica.com\/es\/wp-json\/wp\/v2\/users\/14"}],"replies":[{"embeddable":true,"href":"https:\/\/dimensionturistica.com\/es\/wp-json\/wp\/v2\/comments?post=1126118"}],"version-history":[{"count":1,"href":"https:\/\/dimensionturistica.com\/es\/wp-json\/wp\/v2\/posts\/1126118\/revisions"}],"predecessor-version":[{"id":1126120,"href":"https:\/\/dimensionturistica.com\/es\/wp-json\/wp\/v2\/posts\/1126118\/revisions\/1126120"}],"wp:featuredmedia":[{"embeddable":true,"href":"https:\/\/dimensionturistica.com\/es\/wp-json\/wp\/v2\/media\/1126119"}],"wp:attachment":[{"href":"https:\/\/dimensionturistica.com\/es\/wp-json\/wp\/v2\/media?parent=1126118"}],"wp:term":[{"taxonomy":"category","embeddable":true,"href":"https:\/\/dimensionturistica.com\/es\/wp-json\/wp\/v2\/categories?post=1126118"},{"taxonomy":"post_tag","embeddable":true,"href":"https:\/\/dimensionturistica.com\/es\/wp-json\/wp\/v2\/tags?post=1126118"}],"curies":[{"name":"wp","href":"https:\/\/api.w.org\/{rel}","templated":true}]}}