{"id":1126059,"date":"2026-03-17T15:34:52","date_gmt":"2026-03-17T15:34:52","guid":{"rendered":"https:\/\/dimensionturistica.com\/es\/?p=1126059"},"modified":"2026-03-17T15:34:52","modified_gmt":"2026-03-17T15:34:52","slug":"cuba-brilla-en-la-exposicion-turistica-destinations-la-feria-de-vacaciones-y-viajes-2026","status":"publish","type":"post","link":"https:\/\/dimensionturistica.com\/es\/cuba-brilla-en-la-exposicion-turistica-destinations-la-feria-de-vacaciones-y-viajes-2026\/","title":{"rendered":"Cuba brilla en la exposici\u00f3n tur\u00edstica Destinations: La Feria de Vacaciones y Viajes 2026"},"content":{"rendered":"<h3>Cuba: Un Destino Imperdible en el Escenario Tur\u00edstico Internacional<\/h3>\n<p>Cuba, la joya del Caribe, resplandeci\u00f3 en la \u00faltima edici\u00f3n de la Feria Tur\u00edstica &#8220;Destinations Holiday &amp; Travel Show 2026&#8221; que tuvo lugar recientemente. Con su imagen renovada y un enfoque profundo en la sostenibilidad, la isla se posiciona como un destino ideal para los viajeros que buscan experiencias \u00fanicas y memorables.<\/p>\n<p>Desde las antiguas calles de La Habana hasta las exuberantes monta\u00f1as de Vi\u00f1ales, Cuba ofrece una diversidad de paisajes y culturas que atrapan los sentidos. Durante la feria, representantes del Ministerio de Turismo, junto a expertos en la industria, desplegaron ofertas que muestran no solo las bellezas naturales, sino tambi\u00e9n la riqueza cultural y la calidez de su gente. Este evento se convierte en un escenario fundamental para el intercambio de ideas y estrategias que promueven el turismo responsable.<\/p>\n<p>Una de las claves del \u00e9xito cubano en este contexto es la creciente oferta de turismo sostenible. Los visitantes son invitados a descubrir pr\u00e1cticas que minimizan el impacto ambiental y benefician a las comunidades locales. Entre las propuestas destacan excursiones a parques naturales, actividades de ecoturismo y rutas que ponen en valor la agricultura local. Este enfoque no solo atrae a viajeros conscientes, sino que tambi\u00e9n ayuda a preservar la biodiversidad que hace de Cuba un lugar tan especial.<\/p>\n<p>El evento fue un punto de encuentro para profesionales del sector que buscan consolidar relaciones internacionales. Cuba, en su stand, mostr\u00f3 no solo sus atractivos tur\u00edsticos, sino tambi\u00e9n un fuerte compromiso con la innovaci\u00f3n y la adaptabilidad. Se evidenci\u00f3 un trabajo constante para ofrecer a los visitantes iniciativas inclusivas que presten atenci\u00f3n a las necesidades de todos, independientemente de sus capacidades.<\/p>\n<p>La feria no solo sirvi\u00f3 para promocionar la oferta cubana, sino que tambi\u00e9n permiti\u00f3 a los visitantes conocer los deleites culinarios de la isla. La combinaci\u00f3n \u00fanica de sabores, influenciada por las tradiciones africanas, espa\u00f1olas y caribe\u00f1as, ofrece un fest\u00edn para el paladar. Los participantes disfrutaron de muestras de la gastronom\u00eda local, donde se destacan platos como el lech\u00f3n asado, el congr\u00ed y los deliciosos dulces que son parte integral de la identidad cultural cubana.<\/p>\n<p>Sin lugar a dudas, Cuba reafirma su presencia en el turismo internacional. La participaci\u00f3n en eventos de renombre como este refleja un deseo de conectar con el mundo, ofreciendo su rica historia, su vibrante cultura y su impresionante naturaleza. Para quienes buscan un destino lleno de magia y autenticidad, la isla est\u00e1 lista para recibir a viajeros de todos los rincones del planeta.<\/p>\n<p>En conclusi\u00f3n, Cuba no solo es un para\u00edso para los sentidos, sino una invitaci\u00f3n a descubrir un mundo donde el pasado y el presente se entrelazan bajo un cielo caribe\u00f1o. En el horizonte del turismo, la isla se perfila como una opci\u00f3n irresistible para aquellos que desean explorar, aprender y disfrutar de todo lo que la vida tiene para ofrecer.<\/p>\n<p><em> &#8221; Sources misiones.cubaminrex.cu &#8221; <\/em><\/p>\n","protected":false},"excerpt":{"rendered":"<p>Cuba: Un Destino Imperdible en el Escenario Tur\u00edstico Internacional Cuba, la joya del Caribe, resplandeci\u00f3 en la \u00faltima edici\u00f3n de la Feria Tur\u00edstica &#8220;Destinations Holiday &amp; Travel Show 2026&#8221; que tuvo lugar recientemente. Con su imagen renovada y un enfoque profundo en la sostenibilidad, la isla se posiciona como un destino ideal para los viajeros [&hellip;]<\/p>\n","protected":false},"author":4,"featured_media":1126060,"comment_status":"open","ping_status":"closed","sticky":false,"template":"","format":"standard","meta":{"om_disable_all_campaigns":false,"jnews-multi-image_gallery":[],"jnews_single_post":[],"jnews_primary_category":[],"jnews_social_meta":[],"footnotes":""},"categories":[40],"tags":[18469,957,9674,4569,956,662,1918,69194,7113,724,39411,271674,18468,18467,3067,9796,544,545],"class_list":["post-1126059","post","type-post","status-publish","format-standard","has-post-thumbnail","hentry","category-industria","tag-bilaterales","tag-bloqueo","tag-cancilleria","tag-colaboracion","tag-cuba","tag-cultura","tag-declaracion","tag-destinations","tag-destino-turistico","tag-eventos","tag-feria-turistica","tag-holiday-travel-show-2026","tag-multilaterales","tag-politica-exterior","tag-promocion-turistica","tag-solidaridad","tag-turismo","tag-viajes"],"_links":{"self":[{"href":"https:\/\/dimensionturistica.com\/es\/wp-json\/wp\/v2\/posts\/1126059","targetHints":{"allow":["GET"]}}],"collection":[{"href":"https:\/\/dimensionturistica.com\/es\/wp-json\/wp\/v2\/posts"}],"about":[{"href":"https:\/\/dimensionturistica.com\/es\/wp-json\/wp\/v2\/types\/post"}],"author":[{"embeddable":true,"href":"https:\/\/dimensionturistica.com\/es\/wp-json\/wp\/v2\/users\/4"}],"replies":[{"embeddable":true,"href":"https:\/\/dimensionturistica.com\/es\/wp-json\/wp\/v2\/comments?post=1126059"}],"version-history":[{"count":1,"href":"https:\/\/dimensionturistica.com\/es\/wp-json\/wp\/v2\/posts\/1126059\/revisions"}],"predecessor-version":[{"id":1126061,"href":"https:\/\/dimensionturistica.com\/es\/wp-json\/wp\/v2\/posts\/1126059\/revisions\/1126061"}],"wp:featuredmedia":[{"embeddable":true,"href":"https:\/\/dimensionturistica.com\/es\/wp-json\/wp\/v2\/media\/1126060"}],"wp:attachment":[{"href":"https:\/\/dimensionturistica.com\/es\/wp-json\/wp\/v2\/media?parent=1126059"}],"wp:term":[{"taxonomy":"category","embeddable":true,"href":"https:\/\/dimensionturistica.com\/es\/wp-json\/wp\/v2\/categories?post=1126059"},{"taxonomy":"post_tag","embeddable":true,"href":"https:\/\/dimensionturistica.com\/es\/wp-json\/wp\/v2\/tags?post=1126059"}],"curies":[{"name":"wp","href":"https:\/\/api.w.org\/{rel}","templated":true}]}}