{"id":1126022,"date":"2026-03-17T13:49:49","date_gmt":"2026-03-17T13:49:49","guid":{"rendered":"https:\/\/dimensionturistica.com\/es\/?p=1126022"},"modified":"2026-03-17T13:49:49","modified_gmt":"2026-03-17T13:49:49","slug":"coleccion-otono-2026-pret-a-porter-de-august-barron","status":"publish","type":"post","link":"https:\/\/dimensionturistica.com\/es\/coleccion-otono-2026-pret-a-porter-de-august-barron\/","title":{"rendered":"Colecci\u00f3n Oto\u00f1o 2026: Pr\u00eat-\u00e0-Porter de August Barron"},"content":{"rendered":"<h3>El Renacer de la Moda: Un Viaje al Oto\u00f1o de 2026<\/h3>\n<p>El universo de la moda siempre est\u00e1 en constante evoluci\u00f3n, y la temporada de oto\u00f1o de 2026 promete ser un cap\u00edtulo emocionante en esta narrativa. Las pasarelas se convierten en escenarios donde la creatividad y la innovaci\u00f3n brillan con luz propia, y esta colecci\u00f3n destaca por su audaz combinaci\u00f3n de elementos cl\u00e1sicos con tendencias vanguardistas que capturan la esencia de la contemporaneidad.<\/p>\n<h4>Est\u00e9tica de Contrastes<\/h4>\n<p>Una de las caracter\u00edsticas m\u00e1s llamativas de esta colecci\u00f3n es la fusi\u00f3n de texturas. Desde telas suaves y fluidas hasta materiales r\u00edgidos que evocan una sensaci\u00f3n de transformaci\u00f3n, los dise\u00f1adores muestran un dominio excepcional de la t\u00e9cnica. Este equilibrio entre lo suave y lo estructurado resuena con la dualidad de la naturaleza humana: la b\u00fasqueda de la suavidad y la firmeza, de la vulnerabilidad y la fortaleza.<\/p>\n<h4>Paleta de Colores Audaz<\/h4>\n<p>En cuanto a la paleta, los colores elegidos son un reflejo de la naturaleza oto\u00f1al, pero con un giro contempor\u00e1neo. Rojos intensos, amarillos dorados y azules profundos se entrelazan, creando un espectro vibrante que energiza las propuestas. Estos tonos no solo son visualmente impactantes, sino que tambi\u00e9n evocan emociones, invitando a los espectadores a conectarse con la colecci\u00f3n a un nivel m\u00e1s profundo.<\/p>\n<h4>Siluetas Innovadoras<\/h4>\n<p>Las siluetas de esta temporada son un deleite para los amantes de la moda. Con cortes que desaf\u00edan las convenciones, los dise\u00f1adores rompen estereotipos y celebran la individualidad. Las prendas se presentan en formas inesperadas, donde la asimetr\u00eda y el volumen juegan un papel crucial, generando una sensaci\u00f3n de movimiento y dinamismo que es simplemente cautivadora.<\/p>\n<h4>Accesorios que Marcan la Diferencia<\/h4>\n<p>No se puede pasar por alto el impacto de los accesorios en esta colecci\u00f3n. Cada pieza est\u00e1 meticulosamente dise\u00f1ada para complementar las prendas, desde calzado audaz hasta joyer\u00eda conceptual. Estos detalles no solo elevan el look, sino que tambi\u00e9n aportan una narrativa \u00fanica a cada conjunto, invitando a los observadores a descubrir la historia detr\u00e1s de cada elecci\u00f3n.<\/p>\n<h4>El Futuro de la Moda Sostenible<\/h4>\n<p>Adem\u00e1s, se aprecian claramente las iniciativas hacia una moda m\u00e1s sostenible. Los dise\u00f1adores est\u00e1n adoptando pr\u00e1cticas responsables, utilizando materiales reciclados y t\u00e9cnicas que minimizan el impacto ambiental. Este compromiso no solo es inspirador, sino que tambi\u00e9n establece un precedente en un contexto donde la sostenibilidad se vuelve cada vez m\u00e1s crucial en la industria.<\/p>\n<h4>Un Llamado a la Creatividad<\/h4>\n<p>La temporada de oto\u00f1o de 2026 no es solo una exhibici\u00f3n de prendas; es un llamado a la creatividad y a la autoexpresi\u00f3n. La moda se convierte en un veh\u00edculo para explorar la identidad personal, donde cada look puede ser una declaraci\u00f3n audaz. Esta colecci\u00f3n desaf\u00eda a cada individuo a pensar m\u00e1s all\u00e1 de las tendencias pasajeras y abrazar su propio estilo \u00fanico.<\/p>\n<p>Con cada pasarela, se abre un nuevo cap\u00edtulo en la historia de la moda, y el oto\u00f1o de 2026 se perfila como una temporada de descubrimiento, expresi\u00f3n y, sobre todo, innovaci\u00f3n. La moda sigue siendo un arte, y en este viaje, cada uno de nosotros puede encontrar su voz.<\/p>\n<p><em> &#8221; Fuentes www.vogue.com &#8221; <\/em><\/p>\n","protected":false},"excerpt":{"rendered":"<p>El Renacer de la Moda: Un Viaje al Oto\u00f1o de 2026 El universo de la moda siempre est\u00e1 en constante evoluci\u00f3n, y la temporada de oto\u00f1o de 2026 promete ser un cap\u00edtulo emocionante en esta narrativa. Las pasarelas se convierten en escenarios donde la creatividad y la innovaci\u00f3n brillan con luz propia, y esta colecci\u00f3n [&hellip;]<\/p>\n","protected":false},"author":14,"featured_media":1126023,"comment_status":"open","ping_status":"closed","sticky":false,"template":"","format":"standard","meta":{"om_disable_all_campaigns":false,"jnews-multi-image_gallery":[],"jnews_single_post":[],"jnews_primary_category":[],"jnews_social_meta":[],"footnotes":""},"categories":[144872],"tags":[130092,271664,18839,89166,253544,263769,166,160469,94447,200339,198545,372,6194],"class_list":["post-1126022","post","type-post","status-publish","format-standard","has-post-thumbnail","hentry","category-fashion","tag-apparel","tag-august-barron","tag-collection","tag-designer","tag-fall-2026","tag-fall-2026-ready-to-wear","tag-fashion","tag-ready-to-wear","tag-runway","tag-runway_review","tag-seasonal-fashion","tag-style","tag-trends"],"_links":{"self":[{"href":"https:\/\/dimensionturistica.com\/es\/wp-json\/wp\/v2\/posts\/1126022","targetHints":{"allow":["GET"]}}],"collection":[{"href":"https:\/\/dimensionturistica.com\/es\/wp-json\/wp\/v2\/posts"}],"about":[{"href":"https:\/\/dimensionturistica.com\/es\/wp-json\/wp\/v2\/types\/post"}],"author":[{"embeddable":true,"href":"https:\/\/dimensionturistica.com\/es\/wp-json\/wp\/v2\/users\/14"}],"replies":[{"embeddable":true,"href":"https:\/\/dimensionturistica.com\/es\/wp-json\/wp\/v2\/comments?post=1126022"}],"version-history":[{"count":1,"href":"https:\/\/dimensionturistica.com\/es\/wp-json\/wp\/v2\/posts\/1126022\/revisions"}],"predecessor-version":[{"id":1126024,"href":"https:\/\/dimensionturistica.com\/es\/wp-json\/wp\/v2\/posts\/1126022\/revisions\/1126024"}],"wp:featuredmedia":[{"embeddable":true,"href":"https:\/\/dimensionturistica.com\/es\/wp-json\/wp\/v2\/media\/1126023"}],"wp:attachment":[{"href":"https:\/\/dimensionturistica.com\/es\/wp-json\/wp\/v2\/media?parent=1126022"}],"wp:term":[{"taxonomy":"category","embeddable":true,"href":"https:\/\/dimensionturistica.com\/es\/wp-json\/wp\/v2\/categories?post=1126022"},{"taxonomy":"post_tag","embeddable":true,"href":"https:\/\/dimensionturistica.com\/es\/wp-json\/wp\/v2\/tags?post=1126022"}],"curies":[{"name":"wp","href":"https:\/\/api.w.org\/{rel}","templated":true}]}}