{"id":1126010,"date":"2026-03-17T13:25:40","date_gmt":"2026-03-17T13:25:40","guid":{"rendered":"https:\/\/dimensionturistica.com\/es\/?p=1126010"},"modified":"2026-03-17T13:25:40","modified_gmt":"2026-03-17T13:25:40","slug":"los-espanoles-invertiran-una-media-de-450e-en-reservas-digitales-de-viajes","status":"publish","type":"post","link":"https:\/\/dimensionturistica.com\/es\/los-espanoles-invertiran-una-media-de-450e-en-reservas-digitales-de-viajes\/","title":{"rendered":"Los espa\u00f1oles invertir\u00e1n una media de 450\u20ac en reservas digitales de viajes."},"content":{"rendered":"<h3>Preparativos para una Semana Santa de Viajes: Tendencias y Gastos de los Espa\u00f1oles<\/h3>\n<p>La Semana Santa se perfila como una de las \u00e9pocas m\u00e1s esperadas del a\u00f1o para los viajeros espa\u00f1oles. Con la llegada de la primavera, miles de personas aprovechan estos d\u00edas festivos para explorar nuevos destinos, disfrutar del buen clima y desconectar de la rutina diaria. Seg\u00fan las \u00faltimas tendencias, este a\u00f1o, los espa\u00f1oles est\u00e1n dispuestos a gastar, de promedio, 450 euros en reservas online para sus vacaciones de Semana Santa. Pero, \u00bfqu\u00e9 hay detr\u00e1s de este dato?<\/p>\n<h3>Un Aumento en las Reservas Online<\/h3>\n<p>El uso de plataformas digitales para hacer reservas se ha convertido en la norma. En lugar de dirigirse a las agencias de viajes tradicionales, los turistas optan por la comodidad que ofrecen las aplicaciones y los sitios web. Esta tendencia tambi\u00e9n refleja una mayor confianza en la planificaci\u00f3n online, donde la facilidad de comparaci\u00f3n de precios y servicios es un factor clave.<\/p>\n<h3>Destinos Favoritos<\/h3>\n<p>A medida que se acercan los d\u00edas festivos, muchos espa\u00f1oles comienzan a planear su escapada perfecta. Entre los destinos m\u00e1s populares se encuentran las costas soleadas del Mediterr\u00e1neo, ciudades hist\u00f3ricas llenas de cultura, y rincones de naturaleza exuberante. Desde el bullicio de Barcelona hasta la tranquilidad de las Islas Baleares, cada elecci\u00f3n tiene su encanto. Este a\u00f1o, las escapadas a ciudades europeas tambi\u00e9n est\u00e1n ganando terreno, con vuelos a bajo coste accesibles para muchos.<\/p>\n<h3>Actividades Imperdibles<\/h3>\n<p>M\u00e1s all\u00e1 de la reserva del alojamiento, los viajeros est\u00e1n dispuestos a invertir en experiencias \u00fanicas. La gastronom\u00eda local, actividades al aire libre y eventos culturales son solo algunas de las actividades que enriquecen el viaje y justifican el gasto. La Semana Santa, con sus tradiciones y celebraciones, ofrece una oportunidad perfecta para sumergirse en la cultura local de los destinos elegidos.<\/p>\n<h3>Planificaci\u00f3n y Anticipaci\u00f3n<\/h3>\n<p>La anticipaci\u00f3n juega un papel crucial en la planificaci\u00f3n de las vacaciones. Muchos viajeros est\u00e1n comenzando a organizar sus escapadas con semanas de antelaci\u00f3n. Esto no solo les ayuda a asegurar mejores precios, sino que tambi\u00e9n les permite personalizar su itinerario al detalle. Desde elegir el mejor restaurante hasta decidir qu\u00e9 atracci\u00f3n es imprescindible, cada peque\u00f1o detalle suma a la experiencia global.<\/p>\n<h3>Conclusiones<\/h3>\n<p>En resumen, la Semana Santa se configura como una magn\u00edfica ocasi\u00f3n para que los espa\u00f1oles exploren el mundo que les rodea. Con un gasto medio de 450 euros en reservas online, queda claro que el deseo de viajar sigue en auge. Las plataformas digitales, los destinos variados y el enfoque en las experiencias enriquecedoras son tendencias que marcan la pauta este a\u00f1o. As\u00ed que si a\u00fan no has planificado tu pr\u00f3xima escapada, la Semana Santa est\u00e1 a la vuelta de la esquina. \u00a1Es el momento perfecto para hacer las maletas y crear recuerdos inolvidables!<\/p>\n<p><em> &#8221; Sources radiolider.com &#8221; <\/em><\/p>\n","protected":false},"excerpt":{"rendered":"<p>Preparativos para una Semana Santa de Viajes: Tendencias y Gastos de los Espa\u00f1oles La Semana Santa se perfila como una de las \u00e9pocas m\u00e1s esperadas del a\u00f1o para los viajeros espa\u00f1oles. Con la llegada de la primavera, miles de personas aprovechan estos d\u00edas festivos para explorar nuevos destinos, disfrutar del buen clima y desconectar de [&hellip;]<\/p>\n","protected":false},"author":4,"featured_media":1126011,"comment_status":"open","ping_status":"closed","sticky":false,"template":"","format":"standard","meta":{"om_disable_all_campaigns":false,"jnews-multi-image_gallery":[],"jnews_single_post":[],"jnews_primary_category":[],"jnews_social_meta":[],"footnotes":""},"categories":[40],"tags":[170758,715,770,2924,3721,37872,9983,544,545],"class_list":["post-1126010","post","type-post","status-publish","format-standard","has-post-thumbnail","hentry","category-industria","tag-comportamiento-del-consumidor","tag-economia","tag-espana","tag-estadisticas","tag-gastos","tag-planificacion-de-viajes","tag-reservas-online","tag-turismo","tag-viajes"],"_links":{"self":[{"href":"https:\/\/dimensionturistica.com\/es\/wp-json\/wp\/v2\/posts\/1126010","targetHints":{"allow":["GET"]}}],"collection":[{"href":"https:\/\/dimensionturistica.com\/es\/wp-json\/wp\/v2\/posts"}],"about":[{"href":"https:\/\/dimensionturistica.com\/es\/wp-json\/wp\/v2\/types\/post"}],"author":[{"embeddable":true,"href":"https:\/\/dimensionturistica.com\/es\/wp-json\/wp\/v2\/users\/4"}],"replies":[{"embeddable":true,"href":"https:\/\/dimensionturistica.com\/es\/wp-json\/wp\/v2\/comments?post=1126010"}],"version-history":[{"count":1,"href":"https:\/\/dimensionturistica.com\/es\/wp-json\/wp\/v2\/posts\/1126010\/revisions"}],"predecessor-version":[{"id":1126012,"href":"https:\/\/dimensionturistica.com\/es\/wp-json\/wp\/v2\/posts\/1126010\/revisions\/1126012"}],"wp:featuredmedia":[{"embeddable":true,"href":"https:\/\/dimensionturistica.com\/es\/wp-json\/wp\/v2\/media\/1126011"}],"wp:attachment":[{"href":"https:\/\/dimensionturistica.com\/es\/wp-json\/wp\/v2\/media?parent=1126010"}],"wp:term":[{"taxonomy":"category","embeddable":true,"href":"https:\/\/dimensionturistica.com\/es\/wp-json\/wp\/v2\/categories?post=1126010"},{"taxonomy":"post_tag","embeddable":true,"href":"https:\/\/dimensionturistica.com\/es\/wp-json\/wp\/v2\/tags?post=1126010"}],"curies":[{"name":"wp","href":"https:\/\/api.w.org\/{rel}","templated":true}]}}