{"id":1125940,"date":"2026-03-17T09:48:16","date_gmt":"2026-03-17T09:48:16","guid":{"rendered":"https:\/\/dimensionturistica.com\/es\/?p=1125940"},"modified":"2026-03-17T09:48:16","modified_gmt":"2026-03-17T09:48:16","slug":"un-extenso-catalogo-de-actividades-para-todos-los-publicos-en-el-evento-de-viajes-2026","status":"publish","type":"post","link":"https:\/\/dimensionturistica.com\/es\/un-extenso-catalogo-de-actividades-para-todos-los-publicos-en-el-evento-de-viajes-2026\/","title":{"rendered":"Un extenso cat\u00e1logo de actividades para todos los p\u00fablicos en el evento de viajes 2026."},"content":{"rendered":"<h3>Descubre B Travel 2026: Un Viaje a Trav\u00e9s de Experiencias \u00danicas<\/h3>\n<p>En el vibrante coraz\u00f3n de la industria del turismo, se avecina un evento que promete no solo atraer a los amantes de los viajes, sino tambi\u00e9n ofrecer un sinf\u00edn de actividades dise\u00f1adas para todos los p\u00fablicos: B Travel 2026. Este sal\u00f3n internacional se presenta como la plataforma ideal para explorar nuevas tendencias, destinos ex\u00f3ticos y experiencias inolvidables.<\/p>\n<h4>Un Programa Diversificado<\/h4>\n<p>El evento, que se celebrar\u00e1 en Barcelona, se distingue por su amplio programa que va m\u00e1s all\u00e1 de las t\u00edpicas exposiciones. Desde talleres interactivos hasta conferencias inspiradoras, B Travel 2026 est\u00e1 pensado para satisfacer todos los intereses. Los asistentes podr\u00e1n participar en actividades que van desde catas gastron\u00f3micas de diferentes culturas hasta talleres de fotograf\u00eda de viajes. <\/p>\n<p>Adem\u00e1s, la feria contar\u00e1 con un espacio dedicado a la sostenibilidad, donde se abordar\u00e1n cuestiones cr\u00edticas que rodean el turismo responsable. Sin duda, un tema que resonar\u00e1 en el coraz\u00f3n de los viajeros conscientes.<\/p>\n<h4>Destinos a la Vista<\/h4>\n<p>Uno de los aspectos m\u00e1s intrigantes de B Travel 2026 ser\u00e1 la representaci\u00f3n de diversas regiones del mundo. Con stands que destacan la riqueza cultural y natural de cada destino, los visitantes tendr\u00e1n la oportunidad de conocer de primera mano lo que cada lugar tiene para ofrecer. Desde las costas paradis\u00edacas del Caribe hasta las monta\u00f1as majestuosas de los Alpes, cada rinc\u00f3n del mundo ser\u00e1 accesible mediante una experiencia directa y atractiva.<\/p>\n<h4>Inspiraci\u00f3n para Todos<\/h4>\n<p>Ya seas un viajero experimentado o alguien que reci\u00e9n comienza a explorar el mundo, B Travel 2026 tiene algo reservado para ti. Emprendedores del sector tur\u00edstico, influencers de viajes y agencias de turismo compartir\u00e1n sus conocimientos y consejos, brindando a los asistentes la inspiraci\u00f3n necesaria para planificar su pr\u00f3xima aventura.<\/p>\n<h4>Conexiones y Oportunidades<\/h4>\n<p>Uno de los mayores atractivos de este sal\u00f3n es la oportunidad de conectar. Los visitantes no solo tendr\u00e1n la posibilidad de interactuar con expertos en turismo, sino tambi\u00e9n de establecer redes con otros viajeros que comparten su pasi\u00f3n por la exploraci\u00f3n. Sin duda, B Travel 2026 es el lugar perfecto para encontrar compa\u00f1eros de viaje, intercambiar tips y descubrir nuevos destinos que quiz\u00e1s no estaban en el radar.<\/p>\n<h4>Un Futuro Brillante para el Turismo<\/h4>\n<p>La industria del turismo se encuentra en constante evoluci\u00f3n, y eventos como B Travel 2026 son fundamentales para reflejar esta din\u00e1mica. Con un enfoque en la innovaci\u00f3n y la sostenibilidad, el sal\u00f3n no solo promover\u00e1 destinos y experiencias, sino que tambi\u00e9n buscar\u00e1 contribuir a un futuro m\u00e1s responsable en el \u00e1mbito tur\u00edstico.<\/p>\n<p>En conclusi\u00f3n, B Travel 2026 se perfila como una cita ineludible para cualquiera que ame viajar. Un espacio donde la pasi\u00f3n por descubrir nuevas culturas se encuentra con la organizaci\u00f3n y la creatividad. As\u00ed que, marca tu calendario y prep\u00e1rate para un evento sin igual, donde tu pr\u00f3xima aventura est\u00e1 a solo una charla o una clase pr\u00e1ctica de distancia. \u00a1No te lo pierdas!<\/p>\n<p><em> &#8221; Sources gacetadelturismo.com &#8221; <\/em><\/p>\n","protected":false},"excerpt":{"rendered":"<p>Descubre B Travel 2026: Un Viaje a Trav\u00e9s de Experiencias \u00danicas En el vibrante coraz\u00f3n de la industria del turismo, se avecina un evento que promete no solo atraer a los amantes de los viajes, sino tambi\u00e9n ofrecer un sinf\u00edn de actividades dise\u00f1adas para todos los p\u00fablicos: B Travel 2026. Este sal\u00f3n internacional se presenta [&hellip;]<\/p>\n","protected":false},"author":4,"featured_media":1125941,"comment_status":"open","ping_status":"closed","sticky":false,"template":"","format":"standard","meta":{"om_disable_all_campaigns":false,"jnews-multi-image_gallery":[],"jnews_single_post":[],"jnews_primary_category":[],"jnews_social_meta":[],"footnotes":""},"categories":[40],"tags":[55723,1105,24001,724,3959,2925,878,1520,544,545],"class_list":["post-1125940","post","type-post","status-publish","format-standard","has-post-thumbnail","hentry","category-industria","tag-55723","tag-actividades","tag-b-travel","tag-eventos","tag-experiencias","tag-ocio","tag-programacion","tag-publico","tag-turismo","tag-viajes"],"_links":{"self":[{"href":"https:\/\/dimensionturistica.com\/es\/wp-json\/wp\/v2\/posts\/1125940","targetHints":{"allow":["GET"]}}],"collection":[{"href":"https:\/\/dimensionturistica.com\/es\/wp-json\/wp\/v2\/posts"}],"about":[{"href":"https:\/\/dimensionturistica.com\/es\/wp-json\/wp\/v2\/types\/post"}],"author":[{"embeddable":true,"href":"https:\/\/dimensionturistica.com\/es\/wp-json\/wp\/v2\/users\/4"}],"replies":[{"embeddable":true,"href":"https:\/\/dimensionturistica.com\/es\/wp-json\/wp\/v2\/comments?post=1125940"}],"version-history":[{"count":1,"href":"https:\/\/dimensionturistica.com\/es\/wp-json\/wp\/v2\/posts\/1125940\/revisions"}],"predecessor-version":[{"id":1125942,"href":"https:\/\/dimensionturistica.com\/es\/wp-json\/wp\/v2\/posts\/1125940\/revisions\/1125942"}],"wp:featuredmedia":[{"embeddable":true,"href":"https:\/\/dimensionturistica.com\/es\/wp-json\/wp\/v2\/media\/1125941"}],"wp:attachment":[{"href":"https:\/\/dimensionturistica.com\/es\/wp-json\/wp\/v2\/media?parent=1125940"}],"wp:term":[{"taxonomy":"category","embeddable":true,"href":"https:\/\/dimensionturistica.com\/es\/wp-json\/wp\/v2\/categories?post=1125940"},{"taxonomy":"post_tag","embeddable":true,"href":"https:\/\/dimensionturistica.com\/es\/wp-json\/wp\/v2\/tags?post=1125940"}],"curies":[{"name":"wp","href":"https:\/\/api.w.org\/{rel}","templated":true}]}}