{"id":1125863,"date":"2026-03-17T05:58:52","date_gmt":"2026-03-17T05:58:52","guid":{"rendered":"https:\/\/dimensionturistica.com\/es\/?p=1125863"},"modified":"2026-03-17T05:58:52","modified_gmt":"2026-03-17T05:58:52","slug":"limitaciones-en-el-aeropuerto-aicm-aumentan-costos-de-transporte-para-pasajeros","status":"publish","type":"post","link":"https:\/\/dimensionturistica.com\/es\/limitaciones-en-el-aeropuerto-aicm-aumentan-costos-de-transporte-para-pasajeros\/","title":{"rendered":"Limitaciones en el Aeropuerto AICM aumentan costos de transporte para pasajeros"},"content":{"rendered":"<h3>Los Nuevos Retos del Transporte en el Aeropuerto de la Ciudad de M\u00e9xico<\/h3>\n<p>El Aeropuerto Internacional de la Ciudad de M\u00e9xico (AICM), uno de los m\u00e1s transitados de Am\u00e9rica Latina, ha implementado recientemente restricciones que impactan a los conductores de aplicaciones de viaje, generando un aumento significativo en las tarifas. Esta situaci\u00f3n ha tra\u00eddo consigo una serie de cambios que no solo afectan a los viajeros, sino tambi\u00e9n al ecosistema del transporte en la capital mexicana.<\/p>\n<p>Con la intenci\u00f3n de mejorar la organizaci\u00f3n en las terminales y agilizar el proceso de viaje, las nuevas regulaciones limitan la entrada de veh\u00edculos de aplicaciones en ciertos horarios y zonas del aeropuerto. Esta decisi\u00f3n ha desatado una ola de reacciones entre los usuarios, quienes ahora se enfrentan a costes que pueden aumentar hasta tres veces m\u00e1s en comparaci\u00f3n con los precios habituales. Para los consumidores, que buscan comodidad y accesibilidad, las consecuencias inmediatas son evidentes.<\/p>\n<p>A medida que los viajeros se preparan para su pr\u00f3ximo vuelo, el dilema de c\u00f3mo llegar al aeropuerto se complica. Algunos se ven obligados a considerar alternativas, ya sea mediante el uso del transporte p\u00fablico, taxis tradicionales o incluso coordinar con familiares y amigos para que los dejen en el aeropuerto. Sin embargo, estas opciones tambi\u00e9n pueden presentar sus propios desaf\u00edos, como el tiempo extra de espera y la posible complicaci\u00f3n de horarios.<\/p>\n<p>Para los turistas que visitan la Ciudad de M\u00e9xico, este cambio en la normativa puede ser un punto de inflexi\u00f3n que influya en su experiencia de viaje. La fascinante cultura, la deliciosa gastronom\u00eda y la historia vibrante de la metr\u00f3poli permanecen inalteradas, pero el acceso a estos atractivos puede resultar m\u00e1s complicado si no se planifica con anticipaci\u00f3n. <\/p>\n<p>Es fundamental que los viajeros se mantengan informados y busquen las mejores opciones antes de su llegada. Aplicaciones de transporte alternativo est\u00e1n surgiendo, as\u00ed como nuevas rutas de transporte p\u00fablico que podr\u00edan ofrecer soluciones m\u00e1s accesibles. Las empresas de turismo tambi\u00e9n est\u00e1n adaptando sus servicios para asegurar que sus clientes lleguen sin contratiempos a sus destinos.<\/p>\n<p>A largo plazo, se espera que estas restricciones en el AICM impulsen una discusi\u00f3n m\u00e1s amplia sobre la movilidad urbana en la capital. Con m\u00e1s de 1.2 millones de personas atravesando sus terminales cada mes, el desaf\u00edo es encontrar un equilibrio que favorezca tanto a los usuarios como a los operadores de transporte, protegiendo al mismo tiempo la eficiencia del aeropuerto.<\/p>\n<p>As\u00ed que, si tienes en mente un viaje a la Ciudad de M\u00e9xico, aseg\u00farate de consultar las \u00faltimas novedades sobre el transporte en el aeropuerto. Recuerda que una planificaci\u00f3n adecuada puede marcar la diferencia entre un comienzo de viaje fluido y uno lleno de contratiempos. Con todo lo que esta vibrante ciudad tiene para ofrecer, el enfoque debe estar en disfrutar del viaje desde el primer minuto. \u00a1Feliz aventura!<\/p>\n<p><em> &#8221; Fuentes www.tvazteca.com &#8221; <\/em><\/p>\n","protected":false},"excerpt":{"rendered":"<p>Los Nuevos Retos del Transporte en el Aeropuerto de la Ciudad de M\u00e9xico El Aeropuerto Internacional de la Ciudad de M\u00e9xico (AICM), uno de los m\u00e1s transitados de Am\u00e9rica Latina, ha implementado recientemente restricciones que impactan a los conductores de aplicaciones de viaje, generando un aumento significativo en las tarifas. Esta situaci\u00f3n ha tra\u00eddo consigo [&hellip;]<\/p>\n","protected":false},"author":4,"featured_media":1125864,"comment_status":"open","ping_status":"closed","sticky":false,"template":"","format":"standard","meta":{"om_disable_all_campaigns":false,"jnews-multi-image_gallery":[],"jnews_single_post":[],"jnews_primary_category":[],"jnews_social_meta":[],"footnotes":""},"categories":[39],"tags":[1925,6985,1227,56552,14137,715,2855,4889,653,545],"class_list":["post-1125863","post","type-post","status-publish","format-standard","has-post-thumbnail","hentry","category-viajes","tag-aeropuerto","tag-aicm","tag-app","tag-aumentos","tag-conductores","tag-economia","tag-restricciones","tag-tarifas","tag-transporte","tag-viajes"],"_links":{"self":[{"href":"https:\/\/dimensionturistica.com\/es\/wp-json\/wp\/v2\/posts\/1125863","targetHints":{"allow":["GET"]}}],"collection":[{"href":"https:\/\/dimensionturistica.com\/es\/wp-json\/wp\/v2\/posts"}],"about":[{"href":"https:\/\/dimensionturistica.com\/es\/wp-json\/wp\/v2\/types\/post"}],"author":[{"embeddable":true,"href":"https:\/\/dimensionturistica.com\/es\/wp-json\/wp\/v2\/users\/4"}],"replies":[{"embeddable":true,"href":"https:\/\/dimensionturistica.com\/es\/wp-json\/wp\/v2\/comments?post=1125863"}],"version-history":[{"count":1,"href":"https:\/\/dimensionturistica.com\/es\/wp-json\/wp\/v2\/posts\/1125863\/revisions"}],"predecessor-version":[{"id":1125865,"href":"https:\/\/dimensionturistica.com\/es\/wp-json\/wp\/v2\/posts\/1125863\/revisions\/1125865"}],"wp:featuredmedia":[{"embeddable":true,"href":"https:\/\/dimensionturistica.com\/es\/wp-json\/wp\/v2\/media\/1125864"}],"wp:attachment":[{"href":"https:\/\/dimensionturistica.com\/es\/wp-json\/wp\/v2\/media?parent=1125863"}],"wp:term":[{"taxonomy":"category","embeddable":true,"href":"https:\/\/dimensionturistica.com\/es\/wp-json\/wp\/v2\/categories?post=1125863"},{"taxonomy":"post_tag","embeddable":true,"href":"https:\/\/dimensionturistica.com\/es\/wp-json\/wp\/v2\/tags?post=1125863"}],"curies":[{"name":"wp","href":"https:\/\/api.w.org\/{rel}","templated":true}]}}