{"id":1125858,"date":"2026-03-17T05:27:56","date_gmt":"2026-03-17T05:27:56","guid":{"rendered":"https:\/\/dimensionturistica.com\/es\/?p=1125858"},"modified":"2026-03-17T05:27:56","modified_gmt":"2026-03-17T05:27:56","slug":"las-agencias-en-baleares-alertan-sobre-un-incremento-de-50-euros-en-los-precios-de-los-vuelos-internacionales","status":"publish","type":"post","link":"https:\/\/dimensionturistica.com\/es\/las-agencias-en-baleares-alertan-sobre-un-incremento-de-50-euros-en-los-precios-de-los-vuelos-internacionales\/","title":{"rendered":"Las agencias en Baleares alertan sobre un incremento de 50 euros en los precios de los vuelos internacionales."},"content":{"rendered":"<p><strong>Un Viaje por el Cielo: El Aumento de Precios en Vuelos Internacionales desde Baleares<\/strong><\/p>\n<p>La conexi\u00f3n del archipi\u00e9lago balear con el resto del mundo ha sido siempre un im\u00e1n para viajeros \u00e1vidos de sol, mar y cultura. Sin embargo, este verano, los aficionados a la aventura deben estar preparados para un cambio en la experiencia de viajar: el aumento de hasta 50 euros en los billetes de vuelos internacionales.<\/p>\n<p>Los agentes de viajes de Baleares han alertado sobre esta notable alza en tarifas a\u00e9reas, un fen\u00f3meno que podr\u00eda afectar la planificaci\u00f3n de vacaciones tanto para residentes como para turistas. En un \u00e1mbito donde los precios son parte fundamental de la decisi\u00f3n de viaje, este incremento puede ser una sorpresa desagradable.<\/p>\n<p>Los motivos detr\u00e1s de este aumento son m\u00faltiples y complejos. En primer lugar, el repunte en la demanda tras la pandemia ha llevado a muchas aerol\u00edneas a reajustar sus precios. Con la recuperaci\u00f3n del turismo, se ha observado un evidente aumento en el n\u00famero de viajeros que buscan reservar billetes para destinos internacionales.<\/p>\n<p>Adem\u00e1s, factores como el encarecimiento del combustible, las restricciones en la disponibilidad de ciertos vuelos y la crisis en las cadenas de suministro han contribuido a que los precios de los billetes se eleven de forma significativa. Este escenario econ\u00f3mico se ha visto agravado por la guerra en Ucrania y la incertidumbre econ\u00f3mica global, lo que hace que tanto las aerol\u00edneas como los pasajeros se enfrenten a una nueva realidad.<\/p>\n<p>Para aquellos que planean visitar las bellas islas Baleares, estos cambios significan que es m\u00e1s crucial que nunca estar atentos a las ofertas y reservar con antelaci\u00f3n. Las recomendaciones de los expertos sugieren que los viajeros busquen comparar precios en diferentes plataformas y considerar flexibilidad en las fechas para encontrar las mejores tarifas.<\/p>\n<p>Sin embargo, este aumento tambi\u00e9n trae consigo una reflexi\u00f3n m\u00e1s profunda sobre el futuro del turismo. La experiencia de viajar no debe depender \u00fanicamente del costo. Explorar nuevas culturas, deleitarse con la gastronom\u00eda local y disfrutar de paisajes impresionantes son motivos que trascienden el precio del billete. La belleza y diversidad que ofrecen destinos como Mallorca, Menorca, Ibiza y Formentera son invaluables, y siguen atrayendo a miles de turistas cada a\u00f1o.<\/p>\n<p>En un entorno tur\u00edstico cambiante, la clave est\u00e1 en adaptarse. Las islas Baleares siguen siendo un destino privilegiado, y aunque los vuelos puedan haber subido de precio, las oportunidades de disfrutar de unas vacaciones memorables permanecen intactas. Viajar es una inversi\u00f3n en experiencias, y aunque los precios var\u00eden, el deseo de descubrir el mundo sigue siendo el mismo.<\/p>\n<p>As\u00ed, mientras nos preparamos para un verano de nuevas aventuras, recordemos que, a pesar de los desaf\u00edos, el esp\u00edritu del viaje sigue vivo. Las Baleares nos esperan, y con un poco de planificaci\u00f3n, podemos seguir disfrutando de todo lo que este hermoso destino tiene para ofrecer. \u00a1Que comience la aventura!<\/p>\n<p><em> &#8221; Sources www.diariodemallorca.es &#8221; <\/em><\/p>\n","protected":false},"excerpt":{"rendered":"<p>Un Viaje por el Cielo: El Aumento de Precios en Vuelos Internacionales desde Baleares La conexi\u00f3n del archipi\u00e9lago balear con el resto del mundo ha sido siempre un im\u00e1n para viajeros \u00e1vidos de sol, mar y cultura. Sin embargo, este verano, los aficionados a la aventura deben estar preparados para un cambio en la experiencia [&hellip;]<\/p>\n","protected":false},"author":4,"featured_media":1125859,"comment_status":"open","ping_status":"closed","sticky":false,"template":"","format":"standard","meta":{"om_disable_all_campaigns":false,"jnews-multi-image_gallery":[],"jnews_single_post":[],"jnews_primary_category":[],"jnews_social_meta":[],"footnotes":""},"categories":[40],"tags":[1401,14068,1161,569,1547,1654,1619,1771,6223,715,1646,269956,1416,1951,1294,271636,57394,4889,544,545,740],"class_list":["post-1125858","post","type-post","status-publish","format-standard","has-post-thumbnail","hentry","category-industria","tag-1401","tag-advierten","tag-agencias","tag-agencias-de-viajes","tag-aumento","tag-aviacion","tag-aviba","tag-baleares","tag-billetes","tag-economia","tag-euros","tag-guerra-de-iran","tag-internacional","tag-internacionales","tag-precio","tag-precios-carburantes","tag-subido","tag-tarifas","tag-turismo","tag-viajes","tag-vuelos"],"_links":{"self":[{"href":"https:\/\/dimensionturistica.com\/es\/wp-json\/wp\/v2\/posts\/1125858","targetHints":{"allow":["GET"]}}],"collection":[{"href":"https:\/\/dimensionturistica.com\/es\/wp-json\/wp\/v2\/posts"}],"about":[{"href":"https:\/\/dimensionturistica.com\/es\/wp-json\/wp\/v2\/types\/post"}],"author":[{"embeddable":true,"href":"https:\/\/dimensionturistica.com\/es\/wp-json\/wp\/v2\/users\/4"}],"replies":[{"embeddable":true,"href":"https:\/\/dimensionturistica.com\/es\/wp-json\/wp\/v2\/comments?post=1125858"}],"version-history":[{"count":1,"href":"https:\/\/dimensionturistica.com\/es\/wp-json\/wp\/v2\/posts\/1125858\/revisions"}],"predecessor-version":[{"id":1125860,"href":"https:\/\/dimensionturistica.com\/es\/wp-json\/wp\/v2\/posts\/1125858\/revisions\/1125860"}],"wp:featuredmedia":[{"embeddable":true,"href":"https:\/\/dimensionturistica.com\/es\/wp-json\/wp\/v2\/media\/1125859"}],"wp:attachment":[{"href":"https:\/\/dimensionturistica.com\/es\/wp-json\/wp\/v2\/media?parent=1125858"}],"wp:term":[{"taxonomy":"category","embeddable":true,"href":"https:\/\/dimensionturistica.com\/es\/wp-json\/wp\/v2\/categories?post=1125858"},{"taxonomy":"post_tag","embeddable":true,"href":"https:\/\/dimensionturistica.com\/es\/wp-json\/wp\/v2\/tags?post=1125858"}],"curies":[{"name":"wp","href":"https:\/\/api.w.org\/{rel}","templated":true}]}}