{"id":1125849,"date":"2026-03-17T05:14:36","date_gmt":"2026-03-17T05:14:36","guid":{"rendered":"https:\/\/dimensionturistica.com\/es\/?p=1125849"},"modified":"2026-03-17T05:14:36","modified_gmt":"2026-03-17T05:14:36","slug":"asisti-a-un-espectaculo-de-marina-en-mexico-y-emprendi-un-viaje-de-14-anos-hacia-la-sanacion","status":"publish","type":"post","link":"https:\/\/dimensionturistica.com\/es\/asisti-a-un-espectaculo-de-marina-en-mexico-y-emprendi-un-viaje-de-14-anos-hacia-la-sanacion\/","title":{"rendered":"Asist\u00ed a un espect\u00e1culo de Marina en M\u00e9xico y emprend\u00ed un viaje de 14 a\u00f1os hacia la sanaci\u00f3n."},"content":{"rendered":"<h3>La Experiencia Transformadora de un Concierto: M\u00e1s que M\u00fasica<\/h3>\n<p>La noche del concierto de una destacada artista se convirti\u00f3 en un viaje introspectivo para muchos asistentes, quienes se encontraron inmersos en una atm\u00f3sfera que trasciende la m\u00fasica. La artista, conocida por su estilo \u00fanico y su potente mensaje, no solo ofreci\u00f3 un espect\u00e1culo visualmente cautivador, sino que tambi\u00e9n se adentr\u00f3 en los sentimientos m\u00e1s profundos de su audiencia. <\/p>\n<p>El recinto, lleno de una energ\u00eda palpable, se transform\u00f3 en un santuario donde cada nota y cada palabra resonaban en los corazones de los presentes. Las luces parpadeaban al ritmo de las melod\u00edas, mientras el p\u00fablico se entregaba completamente a la experiencia. Era un momento para recordar, donde los diecisiete a\u00f1os de carrera de la artista se sintieron como parte de una historia colectiva.<\/p>\n<h3>Un Viaje a Trav\u00e9s de las Emociones<\/h3>\n<p>Este tipo de eventos no son meras presentaciones; son rituales de sanaci\u00f3n. A medida que las canciones se suced\u00edan, los relatos personales de los asistentes comenzaban a entrelazarse. Para algunos, fue una oportunidad para liberar emociones reprimidas, para otros, una celebraci\u00f3n; pero todos compartieron ese hilo com\u00fan de conexi\u00f3n a trav\u00e9s de la m\u00fasica.<\/p>\n<p>Las letras, cargadas de introspecci\u00f3n y empoderamiento, tocaron fibras sensibles. Parec\u00eda que cada acorde y cada verso estaban destinados a dicho momento, como si la artista hubiera creado su repertorio para resonar en una b\u00fasqueda personal compartida. En el ambiente, se pod\u00eda sentir una transformaci\u00f3n: la m\u00fasica era el catalizador de un proceso de sanaci\u00f3n colectiva.<\/p>\n<h3>La Influencia del Estilo y La Cultura<\/h3>\n<p>Aparte de lo musical, el estilo de la artista se convirti\u00f3 en otro punto de atracci\u00f3n. Con una est\u00e9tica que fusiona lo vanguardista y lo nost\u00e1lgico, su imagen esc\u00e9nica no solo complementaba su actuaci\u00f3n, sino que contaba una historia de autoconocimiento y aceptaci\u00f3n. Cada elecci\u00f3n de vestuario, cada detalle visual, estaba en sinton\u00eda con el mensaje de autenticidad que la artista desea transmitir.<\/p>\n<p>Esta intersecci\u00f3n entre moda y m\u00fasica establece un di\u00e1logo profundo. La manera en que el vestuario puede ser veh\u00edculo de autoconfianza y autoexpresi\u00f3n se vuelve relevante en un espacio donde ya se experimenta una conexi\u00f3n emocional intensa. As\u00ed, los asistentes no solo celebraron la m\u00fasica, sino tambi\u00e9n un sentimiento de pertenencia, de ser parte de algo m\u00e1s grande.<\/p>\n<h3>Un Encuentro Multisensorial<\/h3>\n<p>El uso del espacio fue otro factor que impact\u00f3. Un escenario dise\u00f1ado para inmersi\u00f3n total con elementos visuales y sonoros que capturaron la atenci\u00f3n desde el primer momento. La disposici\u00f3n del lugar favoreci\u00f3 la interacci\u00f3n, haciendo que todos, independientemente de su ubicaci\u00f3n, se sintieran como protagonistas en esta narrativa musical.<\/p>\n<p>En cada rinc\u00f3n, el amor y la alegr\u00eda eran evidentes. Era un encuentro para celebrar no solo a la artista, sino a cada individuo que, en su propio camino, ha encontrado un refugio en la m\u00fasica. Este v\u00ednculo ef\u00edmero pero poderoso permit\u00eda que cada asistente saliera con un renovado sentido de esperanza.<\/p>\n<h3>Reflexiones Finales<\/h3>\n<p>Al final de la noche, lo que qued\u00f3 en el aire fue una sensaci\u00f3n de unidad. En un mundo que a menudo se siente dividido, la m\u00fasica tiene un poder especial para conectar corazones y sanar heridas. Las experiencias compartidas en ese concierto se convertir\u00e1n en recuerdos atesorados, en historias que se relatan una y otra vez, recordando a todos la importancia de la m\u00fasica y la moda como elementos que unen y transforman.<\/p>\n<p>As\u00ed, cada evento deja una huella, no solo en los asistentes, sino tambi\u00e9n en la cultura misma. Seguir la pista de estas narrativas es esencial para entender c\u00f3mo la m\u00fasica y el estilo pueden generar momentos de aut\u00e9ntica conexi\u00f3n emocional.<\/p>\n<p><em> &#8221; Fuentes www.vogue.mx &#8221; <\/em><\/p>\n","protected":false},"excerpt":{"rendered":"<p>La Experiencia Transformadora de un Concierto: M\u00e1s que M\u00fasica La noche del concierto de una destacada artista se convirti\u00f3 en un viaje introspectivo para muchos asistentes, quienes se encontraron inmersos en una atm\u00f3sfera que trasciende la m\u00fasica. La artista, conocida por su estilo \u00fanico y su potente mensaje, no solo ofreci\u00f3 un espect\u00e1culo visualmente cautivador, [&hellip;]<\/p>\n","protected":false},"author":14,"featured_media":1125850,"comment_status":"open","ping_status":"closed","sticky":false,"template":"","format":"standard","meta":{"om_disable_all_campaigns":false,"jnews-multi-image_gallery":[],"jnews_single_post":[],"jnews_primary_category":[],"jnews_social_meta":[],"footnotes":""},"categories":[144872],"tags":[6812,21080,3647,6643,838,769,2282,26664,191434],"class_list":["post-1125849","post","type-post","status-publish","format-standard","has-post-thumbnail","hentry","category-fashion","tag-concierto","tag-emociones","tag-experiencia","tag-historia","tag-marina","tag-mexico","tag-musica","tag-reflexion","tag-sanacion"],"_links":{"self":[{"href":"https:\/\/dimensionturistica.com\/es\/wp-json\/wp\/v2\/posts\/1125849","targetHints":{"allow":["GET"]}}],"collection":[{"href":"https:\/\/dimensionturistica.com\/es\/wp-json\/wp\/v2\/posts"}],"about":[{"href":"https:\/\/dimensionturistica.com\/es\/wp-json\/wp\/v2\/types\/post"}],"author":[{"embeddable":true,"href":"https:\/\/dimensionturistica.com\/es\/wp-json\/wp\/v2\/users\/14"}],"replies":[{"embeddable":true,"href":"https:\/\/dimensionturistica.com\/es\/wp-json\/wp\/v2\/comments?post=1125849"}],"version-history":[{"count":1,"href":"https:\/\/dimensionturistica.com\/es\/wp-json\/wp\/v2\/posts\/1125849\/revisions"}],"predecessor-version":[{"id":1125851,"href":"https:\/\/dimensionturistica.com\/es\/wp-json\/wp\/v2\/posts\/1125849\/revisions\/1125851"}],"wp:featuredmedia":[{"embeddable":true,"href":"https:\/\/dimensionturistica.com\/es\/wp-json\/wp\/v2\/media\/1125850"}],"wp:attachment":[{"href":"https:\/\/dimensionturistica.com\/es\/wp-json\/wp\/v2\/media?parent=1125849"}],"wp:term":[{"taxonomy":"category","embeddable":true,"href":"https:\/\/dimensionturistica.com\/es\/wp-json\/wp\/v2\/categories?post=1125849"},{"taxonomy":"post_tag","embeddable":true,"href":"https:\/\/dimensionturistica.com\/es\/wp-json\/wp\/v2\/tags?post=1125849"}],"curies":[{"name":"wp","href":"https:\/\/api.w.org\/{rel}","templated":true}]}}