{"id":1125773,"date":"2026-03-17T00:55:55","date_gmt":"2026-03-17T00:55:55","guid":{"rendered":"https:\/\/dimensionturistica.com\/es\/?p=1125773"},"modified":"2026-03-17T00:55:55","modified_gmt":"2026-03-17T00:55:55","slug":"exclusivo-la-fiesta-de-gucci-y-guy-oseary-cerro-las-celebraciones-de-los-oscars-2026-en-un-ultimo-parada-nocturna","status":"publish","type":"post","link":"https:\/\/dimensionturistica.com\/es\/exclusivo-la-fiesta-de-gucci-y-guy-oseary-cerro-las-celebraciones-de-los-oscars-2026-en-un-ultimo-parada-nocturna\/","title":{"rendered":"Exclusivo: La Fiesta de Gucci y Guy Oseary Cerr\u00f3 las Celebraciones de los Oscars 2026 en un \u00daltimo Parada Nocturna"},"content":{"rendered":"<p><strong>La Noche de Gucci: Un Viaje a Trav\u00e9s del Glamour y la Innovaci\u00f3n en los Oscars 2026<\/strong><\/p>\n<p>La 98\u00aa edici\u00f3n de los Premios de la Academia se present\u00f3 no solo como una celebraci\u00f3n del cine, sino como un espect\u00e1culo de estilo donde la casa de moda Gucci fij\u00f3 su bandera en el horizonte de la moda contempor\u00e1nea. El evento, que reuni\u00f3 a un elenco estelar de celebridades, fue orquestado por Guy Oseary, conocido por su talento en la gesti\u00f3n de talentos y su visi\u00f3n innovadora.<\/p>\n<p>La noche comenz\u00f3 con un despliegue de estrellas que deslumbraron en la alfombra roja, cada atuendo una obra maestra que reflejaba la audaz est\u00e9tica de Gucci. Desde trajes cl\u00e1sicos reinterpretados hasta vestidos que desafiaron las normas de la alta costura, la colecci\u00f3n fue un carnaval de creatividad. La paleta de colores vibrantes y el uso de texturas inesperadas no solo destacaron la habilidad artesanal de Gucci, sino que tambi\u00e9n rindieron homenaje a la historia del cine.<\/p>\n<p>Cada celebridad llev\u00f3 consigo una historia oculta en su vestimenta, una narrativa que reson\u00f3 con los elementos ic\u00f3nicos de la marca. Las piezas no eran meramente atuendos; eran declaraciones que celebraban la individualidad y la expresi\u00f3n personal. El dise\u00f1o de cada prenda invitaba a la reflexi\u00f3n sobre la identidad en el contexto de la cultura popular, marcando un giro hacia la autosuficiencia y el empoderamiento.<\/p>\n<p>Adem\u00e1s de las impresionantes elecciones de vestuario, la atm\u00f3sfera fue complementada por una producci\u00f3n art\u00edstica que dej\u00f3 sin palabras a los asistentes. La decoraci\u00f3n del espacio, con referencias visuales a \u00e9pocas pasadas, fue un gui\u00f1o a la historia del cine. La fusi\u00f3n de elementos contempor\u00e1neos con cl\u00e1sicos del celuloide gener\u00f3 un entorno donde la nostalgia se encontr\u00f3 con la modernidad, creando un escenario memorable para las grandes estrellas de la noche.<\/p>\n<p>Los dise\u00f1adores de Gucci, bajo la direcci\u00f3n de Oseary, lograron captar la esencia de la energ\u00eda actual y elevarla a una experiencia sensorial. Esta propuesta no solo fue un simple desfile de moda, sino una celebraci\u00f3n comunitaria donde los l\u00edmites entre el cine y la moda se desdibujaron. Las interacciones entre los asistentes, impulsadas por las vibrantes creaciones, reflejaron un sentido de uni\u00f3n y prop\u00f3sito.<\/p>\n<p>Los premios, que tradicionalmente han sido un escaparate para la excelencia en la cinematograf\u00eda, tambi\u00e9n se convirtieron en una plataforma para la moda audaz y la reinterpretaci\u00f3n del estilo. En este caso, Gucci no solo visti\u00f3 a las estrellas, sino que las empoder\u00f3 a contar sus propias historias a trav\u00e9s de la moda. As\u00ed, el evento no solo celebra el arte de actuar, sino tambi\u00e9n el arte de vestirse.<\/p>\n<p>El concepto de moda como una extensi\u00f3n de la personalidad y un veh\u00edculo de autocontenci\u00f3n se fortaleci\u00f3 durante la ceremonia. Esta particular 98\u00aa edici\u00f3n marc\u00f3 un hito en la intersecci\u00f3n de la moda y el cine, donde cada atuendo fue, en su esencia, una obra de arte.<\/p>\n<p>En resumen, los Oscars 2026 se convirtieron en un escaparate visual inolvidable por su intrincada narrativa a trav\u00e9s de la moda. La colaboraci\u00f3n entre Gucci y Oseary cre\u00f3 un impacto visual y emocional que resonar\u00e1 en la industria durante a\u00f1os. Este evento defini\u00f3 un nuevo est\u00e1ndar, donde cada pieza no solo fue una elecci\u00f3n de estilo, sino una celebraci\u00f3n de la individualidad y la narraci\u00f3n creativa. Sin duda, un momento que quedar\u00e1 grabado en la historia de la moda y el cine.<\/p>\n<p><em> &#8221; Fuentes www.vogue.com &#8221; <\/em><\/p>\n","protected":false},"excerpt":{"rendered":"<p>La Noche de Gucci: Un Viaje a Trav\u00e9s del Glamour y la Innovaci\u00f3n en los Oscars 2026 La 98\u00aa edici\u00f3n de los Premios de la Academia se present\u00f3 no solo como una celebraci\u00f3n del cine, sino como un espect\u00e1culo de estilo donde la casa de moda Gucci fij\u00f3 su bandera en el horizonte de la [&hellip;]<\/p>\n","protected":false},"author":14,"featured_media":1125774,"comment_status":"open","ping_status":"closed","sticky":false,"template":"","format":"standard","meta":{"om_disable_all_campaigns":false,"jnews-multi-image_gallery":[],"jnews_single_post":[],"jnews_primary_category":[],"jnews_social_meta":[],"footnotes":""},"categories":[144872],"tags":[137127,203805,166,45761,271610,16295,271612,212121,165,271611,203622],"class_list":["post-1125773","post","type-post","status-publish","format-standard","has-post-thumbnail","hentry","category-fashion","tag-entertainment-industry","tag-exclusive-event","tag-fashion","tag-gucci","tag-guy-oseary","tag-hollywood","tag-late-night-celebrations","tag-oscars-2026","tag-red-carpet","tag-the-party","tag-vogue-parties"],"_links":{"self":[{"href":"https:\/\/dimensionturistica.com\/es\/wp-json\/wp\/v2\/posts\/1125773","targetHints":{"allow":["GET"]}}],"collection":[{"href":"https:\/\/dimensionturistica.com\/es\/wp-json\/wp\/v2\/posts"}],"about":[{"href":"https:\/\/dimensionturistica.com\/es\/wp-json\/wp\/v2\/types\/post"}],"author":[{"embeddable":true,"href":"https:\/\/dimensionturistica.com\/es\/wp-json\/wp\/v2\/users\/14"}],"replies":[{"embeddable":true,"href":"https:\/\/dimensionturistica.com\/es\/wp-json\/wp\/v2\/comments?post=1125773"}],"version-history":[{"count":1,"href":"https:\/\/dimensionturistica.com\/es\/wp-json\/wp\/v2\/posts\/1125773\/revisions"}],"predecessor-version":[{"id":1125775,"href":"https:\/\/dimensionturistica.com\/es\/wp-json\/wp\/v2\/posts\/1125773\/revisions\/1125775"}],"wp:featuredmedia":[{"embeddable":true,"href":"https:\/\/dimensionturistica.com\/es\/wp-json\/wp\/v2\/media\/1125774"}],"wp:attachment":[{"href":"https:\/\/dimensionturistica.com\/es\/wp-json\/wp\/v2\/media?parent=1125773"}],"wp:term":[{"taxonomy":"category","embeddable":true,"href":"https:\/\/dimensionturistica.com\/es\/wp-json\/wp\/v2\/categories?post=1125773"},{"taxonomy":"post_tag","embeddable":true,"href":"https:\/\/dimensionturistica.com\/es\/wp-json\/wp\/v2\/tags?post=1125773"}],"curies":[{"name":"wp","href":"https:\/\/api.w.org\/{rel}","templated":true}]}}