{"id":1125694,"date":"2026-03-16T20:59:21","date_gmt":"2026-03-16T20:59:21","guid":{"rendered":"https:\/\/dimensionturistica.com\/es\/campesinos-se-organizan-en-cooperativa-tras-el-cierre-de-algarra\/"},"modified":"2026-03-16T20:59:21","modified_gmt":"2026-03-16T20:59:21","slug":"campesinos-se-organizan-en-cooperativa-tras-el-cierre-de-algarra","status":"publish","type":"post","link":"https:\/\/dimensionturistica.com\/es\/campesinos-se-organizan-en-cooperativa-tras-el-cierre-de-algarra\/","title":{"rendered":"Campesinos se organizan en cooperativa tras el cierre de Algarra"},"content":{"rendered":"<h3>La Nueva Oportunidad para los Campesinos Colombianos: Cooperativas como Motor de Desarrollo<\/h3>\n<p>En el coraz\u00f3n del campo colombiano, donde los paisajes se mezclan con la cultura y tradici\u00f3n agr\u00edcola, surge una iniciativa que promete transformar la realidad de muchos campesinos. Tras el cierre de una importante planta, las comunidades han visto la necesidad de adaptarse, y una propuesta innovadora est\u00e1 tomando forma: la creaci\u00f3n de cooperativas. Esta estrategia no solo busca la recuperaci\u00f3n econ\u00f3mica, sino tambi\u00e9n fortalecer el sentido de comunidad y la autosuficiencia.<\/p>\n<p>Las cooperativas son organizaciones que permiten a los productores unirse para aumentar su poder de negociaci\u00f3n, acceder a recursos y compartir conocimientos. Este modelo es especialmente relevante en un pa\u00eds donde la agricultura enfrenta m\u00faltiples desaf\u00edos, desde la competencia con productos importados hasta los efectos adversos del cambio clim\u00e1tico. En este contexto, la cooperaci\u00f3n se presenta no solo como una alternativa viable, sino como una soluci\u00f3n sostenible.<\/p>\n<p><strong>El Potencial de las Cooperativas<\/strong><\/p>\n<p>Las cooperativas no son un concepto nuevo, pero en el \u00e1mbito agropecuario cobran una relevancia vital. Proporcionan a los campesinos herramientas para organizarse y competir en un mercado cada vez m\u00e1s complejo. A trav\u00e9s de la cooperaci\u00f3n, los productores pueden gestionar la compra de insumos, comercializar sus productos de manera m\u00e1s efectiva y acceder a financiamiento que, de otro modo, ser\u00eda inaccesible.<\/p>\n<p>Los campesinos, muchas veces aislados, encuentran en esta iniciativa una oportunidad para aprender de la experiencia colectiva y compartir buenas pr\u00e1cticas agr\u00edcolas. As\u00ed, la transferencia de conocimiento se convierte en el pilar sobre el cual se cimenta no solo la producci\u00f3n, sino tambi\u00e9n la innovaci\u00f3n.<\/p>\n<p><strong>El Desaf\u00edo de la Implementaci\u00f3n<\/strong><\/p>\n<p>Sin embargo, establecer cooperativas no es un camino exento de obst\u00e1culos. Es fundamental que los campesinos reciban formaci\u00f3n sobre la gesti\u00f3n cooperativa y administrativa. La educaci\u00f3n y el acompa\u00f1amiento son esenciales para que esta iniciativa no solo se quede en un proyecto, sino que se convierta en una realidad pr\u00f3spera y duradera.<\/p>\n<p>Adem\u00e1s, es crucial contar con el apoyo del gobierno y las instituciones. La creaci\u00f3n de un marco normativo que fomente y proteja a las cooperativas es un paso necesario para asegurar que esta estrategia tenga \u00e9xito. Sin el respaldo adecuado, el riesgo de fracaso puede ser alto, y los campesinos podr\u00edan encontrarse nuevamente en una situaci\u00f3n vulnerable.<\/p>\n<p><strong>Hacia un Futuro Sostenible<\/strong><\/p>\n<p>La propuesta de crear cooperativas entre los campesinos no solo busca mitigar los efectos del cierre de la planta, sino tambi\u00e9n trazar un camino hacia un futuro m\u00e1s sostenible. Este modelo podr\u00eda ser replicable en otras regiones del pa\u00eds, beneficiando a millones de trabajadores del campo y reactivando econom\u00edas locales.<\/p>\n<p>Asimismo, fomentar el consumo de productos locales puede contribuir al desarrollo de la identidad cultural y gastron\u00f3mica del pa\u00eds. Los mercados campesinos se convierten en espacios donde los ciudadanos pueden adquirir productos frescos y de calidad, al tiempo que apoyan a quienes mantienen viva la tradici\u00f3n agr\u00edcola.<\/p>\n<p><strong>Un Llamado a la Acci\u00f3n<\/strong><\/p>\n<p>En este momento crucial, es fundamental que tanto el sector p\u00fablico como privado reconozcan el papel esencial que las cooperativas pueden jugar en el desarrollo rural. Los programas de formaci\u00f3n, financiamiento y asesor\u00eda no son solo apoyos log\u00edsticos, sino inversiones en el futuro de Colombia.<\/p>\n<p>La creaci\u00f3n de cooperativas de campesinos no es solo una opci\u00f3n, sino una necesidad urgente. Este modelo no solo ofrece a las comunidades la oportunidad de crecer, sino que tambi\u00e9n contribuye al fortalecimiento del tejido social. Un campo unido, organizado y empoderado tendr\u00e1 la capacidad de enfrentar los retos del presente y construir un ma\u00f1ana prometedor. <\/p>\n<p>As\u00ed, mientras los ecos de la agricultura tradicional resuenan en las tierras f\u00e9rtiles de Colombia, una nueva sinfon\u00eda comienza a sonar: la de la cooperaci\u00f3n y la esperanza.<\/p>\n<p><em> &#8221; Sources www.laopinion.co &#8221; <\/em><\/p>\n","protected":false},"excerpt":{"rendered":"<p>La Nueva Oportunidad para los Campesinos Colombianos: Cooperativas como Motor de Desarrollo En el coraz\u00f3n del campo colombiano, donde los paisajes se mezclan con la cultura y tradici\u00f3n agr\u00edcola, surge una iniciativa que promete transformar la realidad de muchos campesinos. Tras el cierre de una importante planta, las comunidades han visto la necesidad de adaptarse, [&hellip;]<\/p>\n","protected":false},"author":2,"featured_media":1125695,"comment_status":"open","ping_status":"closed","sticky":false,"template":"","format":"standard","meta":{"om_disable_all_campaigns":false,"jnews-multi-image_gallery":[],"jnews_single_post":[],"jnews_primary_category":[],"jnews_social_meta":[],"footnotes":""},"categories":[43],"tags":[7878,271510,271580,3020,771,53296,31229,5228,51660,271582,47804,271581,22499,44646,51719,258869,56653],"class_list":["post-1125694","post","type-post","status-publish","format-standard","has-post-thumbnail","hentry","category-gourmet","tag-agricultura","tag-algarra","tag-campesinos","tag-cierre","tag-colombia","tag-cooperativa","tag-cucuta","tag-desarrollo-rural","tag-diario-la-opinion","tag-economia-comunitaria","tag-gustavo-petro","tag-here-are-the-tags-for-the-title-petro","tag-la-opinion","tag-la-opinion-cucuta","tag-norte-de-santander","tag-produccion-lactea","tag-pronunciamiento"],"_links":{"self":[{"href":"https:\/\/dimensionturistica.com\/es\/wp-json\/wp\/v2\/posts\/1125694","targetHints":{"allow":["GET"]}}],"collection":[{"href":"https:\/\/dimensionturistica.com\/es\/wp-json\/wp\/v2\/posts"}],"about":[{"href":"https:\/\/dimensionturistica.com\/es\/wp-json\/wp\/v2\/types\/post"}],"author":[{"embeddable":true,"href":"https:\/\/dimensionturistica.com\/es\/wp-json\/wp\/v2\/users\/2"}],"replies":[{"embeddable":true,"href":"https:\/\/dimensionturistica.com\/es\/wp-json\/wp\/v2\/comments?post=1125694"}],"version-history":[{"count":0,"href":"https:\/\/dimensionturistica.com\/es\/wp-json\/wp\/v2\/posts\/1125694\/revisions"}],"wp:featuredmedia":[{"embeddable":true,"href":"https:\/\/dimensionturistica.com\/es\/wp-json\/wp\/v2\/media\/1125695"}],"wp:attachment":[{"href":"https:\/\/dimensionturistica.com\/es\/wp-json\/wp\/v2\/media?parent=1125694"}],"wp:term":[{"taxonomy":"category","embeddable":true,"href":"https:\/\/dimensionturistica.com\/es\/wp-json\/wp\/v2\/categories?post=1125694"},{"taxonomy":"post_tag","embeddable":true,"href":"https:\/\/dimensionturistica.com\/es\/wp-json\/wp\/v2\/tags?post=1125694"}],"curies":[{"name":"wp","href":"https:\/\/api.w.org\/{rel}","templated":true}]}}