{"id":1125564,"date":"2026-03-16T16:17:49","date_gmt":"2026-03-16T16:17:49","guid":{"rendered":"https:\/\/dimensionturistica.com\/es\/?p=1125564"},"modified":"2026-03-16T16:17:49","modified_gmt":"2026-03-16T16:17:49","slug":"todos-los-mannequins-en-la-fiesta-de-los-oscar-de-2026-de-vanity-fair","status":"publish","type":"post","link":"https:\/\/dimensionturistica.com\/es\/todos-los-mannequins-en-la-fiesta-de-los-oscar-de-2026-de-vanity-fair\/","title":{"rendered":"Todos los Mannequins en la Fiesta de los Oscar de 2026 de Vanity Fair"},"content":{"rendered":"<h3>La Gala de los Modelos: Estilos que Deslumbran en la Fiesta de los Oscar<\/h3>\n<p>La celebraci\u00f3n de los Oscar no solo es un homenaje al cine, sino tambi\u00e9n un escaparate de estilo y glamour donde las figuras m\u00e1s ic\u00f3nicas de la moda se dan cita. Este a\u00f1o, el evento se ha visto marcado por la presencia de modelos que, con su porte y elegancia, han dejado una huella imborrable.<\/p>\n<h4>Brillantes Apariciones<\/h4>\n<p>Los atuendos seleccionados por los modelos para la fiesta fueron verdaderas obras de arte. Desde sedas vaporosas hasta destellos de diamantina, cada look desbordaba creatividad y sofisticaci\u00f3n. Los detalles fueron un tema recurrente; bordados intrincados y elementos inesperados capturaron la atenci\u00f3n de los asistentes y fot\u00f3grafos. Los colores, desde los tonos pastel hasta las paletas m\u00e1s vibrantes, aportaron una frescura indudable a la noche.<\/p>\n<h4>Innovaci\u00f3n en la Textura<\/h4>\n<p>Una tendencia notable fue el uso de texturas inusuales que otorgaron una dimensi\u00f3n adicional a los vestidos. Cadenas, geles y materiales met\u00e1licos asumieron roles protag\u00f3nicos, fusionando lo cl\u00e1sico con lo avant-garde. Estas elecciones no solo demostraron un profundo conocimiento de la moda, sino que tambi\u00e9n facilitaron el juego entre lo moderno y lo atemporal, creando un efecto visual cautivador.<\/p>\n<h4>Estrellas en Movimiento<\/h4>\n<p>Los modelos, adem\u00e1s de impresionar con sus elegantes looks, tambi\u00e9n cautivaron a la audiencia con su carisma. Al caminar por la alfombra roja, cada paso parec\u00eda contar una historia, llevando la atenci\u00f3n hacia sus elecciones estil\u00edsticas y la manera en la que las presentaban. Este tipo de energ\u00eda es fundamental en eventos de esta magnitud, donde la presencia puede transformar un atuendo en un manifiesto.<\/p>\n<h4>La Diversidad como Protagonista<\/h4>\n<p>Un aspecto vital en la representaci\u00f3n de la moda en la gala fue la diversidad. Modelos de diferentes or\u00edgenes y estilos se unieron en una celebraci\u00f3n de la inclusi\u00f3n, mostrando que el verdadero lujo radica en la variedad y autenticidad. Este enfoque no solo refleja la evoluci\u00f3n de la industria, sino que tambi\u00e9n env\u00eda un poderoso mensaje de aceptaci\u00f3n.<\/p>\n<h4>Influencia Digital<\/h4>\n<p>El impacto de las redes sociales fue evidente. Instant\u00e1neamente, los looks se volvieron virales, generando conversaciones y tendencias que resonar\u00e1n por semanas. La habilidad de los modelos para captar la atenci\u00f3n no solo en la pasarela, sino tambi\u00e9n en plataformas digitales, destaca un cambio en la din\u00e1mica de la moda, donde la interacci\u00f3n online complementa la experiencia f\u00edsica del evento.<\/p>\n<h4>Reflejo del Futuro<\/h4>\n<p>La fiesta de los Oscar no es solamente un evento anual, sino un term\u00f3metro de lo que est\u00e1 por venir en el mundo de la moda. Los modelos que aparecen en estas galas marcan el pulso de la industria, anticipando tendencias y redefiniendo el concepto de belleza. Con cada a\u00f1o, se espera que la creatividad y la innovaci\u00f3n sigan desbordando, empujando los l\u00edmites de lo que se considera posible en el estilo.<\/p>\n<p>El vestuario de la \u00faltima gala demuestra que la moda es un lenguaje din\u00e1mico y en constante evoluci\u00f3n, donde cada prenda, cada accesorio y cada elecci\u00f3n est\u00e9tica cuentan una historia \u00fanica que merece ser contada y celebrada.<\/p>\n<p><em> &#8221; Fuentes www.vogue.com &#8221; <\/em><\/p>\n","protected":false},"excerpt":{"rendered":"<p>La Gala de los Modelos: Estilos que Deslumbran en la Fiesta de los Oscar La celebraci\u00f3n de los Oscar no solo es un homenaje al cine, sino tambi\u00e9n un escaparate de estilo y glamour donde las figuras m\u00e1s ic\u00f3nicas de la moda se dan cita. Este a\u00f1o, el evento se ha visto marcado por la [&hellip;]<\/p>\n","protected":false},"author":14,"featured_media":1125566,"comment_status":"open","ping_status":"closed","sticky":false,"template":"","format":"standard","meta":{"om_disable_all_campaigns":false,"jnews-multi-image_gallery":[],"jnews_single_post":[],"jnews_primary_category":[],"jnews_social_meta":[],"footnotes":""},"categories":[144872],"tags":[55723,47,166,202829,92365,212121,47051,68536,165,372,210710],"class_list":["post-1125564","post","type-post","status-publish","format-standard","has-post-thumbnail","hentry","category-fashion","tag-55723","tag-celebrities","tag-fashion","tag-models","tag-oscars","tag-oscars-2026","tag-party","tag-photography","tag-red-carpet","tag-style","tag-vanity-fair"],"_links":{"self":[{"href":"https:\/\/dimensionturistica.com\/es\/wp-json\/wp\/v2\/posts\/1125564","targetHints":{"allow":["GET"]}}],"collection":[{"href":"https:\/\/dimensionturistica.com\/es\/wp-json\/wp\/v2\/posts"}],"about":[{"href":"https:\/\/dimensionturistica.com\/es\/wp-json\/wp\/v2\/types\/post"}],"author":[{"embeddable":true,"href":"https:\/\/dimensionturistica.com\/es\/wp-json\/wp\/v2\/users\/14"}],"replies":[{"embeddable":true,"href":"https:\/\/dimensionturistica.com\/es\/wp-json\/wp\/v2\/comments?post=1125564"}],"version-history":[{"count":1,"href":"https:\/\/dimensionturistica.com\/es\/wp-json\/wp\/v2\/posts\/1125564\/revisions"}],"predecessor-version":[{"id":1125567,"href":"https:\/\/dimensionturistica.com\/es\/wp-json\/wp\/v2\/posts\/1125564\/revisions\/1125567"}],"wp:featuredmedia":[{"embeddable":true,"href":"https:\/\/dimensionturistica.com\/es\/wp-json\/wp\/v2\/media\/1125566"}],"wp:attachment":[{"href":"https:\/\/dimensionturistica.com\/es\/wp-json\/wp\/v2\/media?parent=1125564"}],"wp:term":[{"taxonomy":"category","embeddable":true,"href":"https:\/\/dimensionturistica.com\/es\/wp-json\/wp\/v2\/categories?post=1125564"},{"taxonomy":"post_tag","embeddable":true,"href":"https:\/\/dimensionturistica.com\/es\/wp-json\/wp\/v2\/tags?post=1125564"}],"curies":[{"name":"wp","href":"https:\/\/api.w.org\/{rel}","templated":true}]}}