{"id":1125413,"date":"2026-03-16T09:22:33","date_gmt":"2026-03-16T09:22:33","guid":{"rendered":"https:\/\/dimensionturistica.com\/es\/?p=1125413"},"modified":"2026-03-16T09:22:33","modified_gmt":"2026-03-16T09:22:33","slug":"brillo-y-generosidad-destacaron-en-la-fiesta-de-visualizacion-de-los-premios-oscar-2026-a-beneficio-de-la-lucha-contra-el-sida","status":"publish","type":"post","link":"https:\/\/dimensionturistica.com\/es\/brillo-y-generosidad-destacaron-en-la-fiesta-de-visualizacion-de-los-premios-oscar-2026-a-beneficio-de-la-lucha-contra-el-sida\/","title":{"rendered":"Brillo y Generosidad Destacaron en la Fiesta de Visualizaci\u00f3n de los Premios \u00d3scar 2026 a Beneficio de la Lucha contra el SIDA"},"content":{"rendered":"<h3>Una Noche Brillante: El Glamour y el Compromiso en la Fiesta de Elton John<\/h3>\n<p>La fiesta de visualizaci\u00f3n de los Premios Oscar organizada por la Fundaci\u00f3n Elton John es, sin duda, uno de los eventos m\u00e1s esperados en el calendario social de Hollywood. Este encuentro no solo celebra el cine, sino que tambi\u00e9n brilla con el prop\u00f3sito de recaudar fondos para la lucha contra el VIH\/SIDA, convirti\u00e9ndolo en un evento de doble impacto.<\/p>\n<h4>Estilo y Elegancia<\/h4>\n<p>El glamour se respira en cada rinc\u00f3n de esta celebraci\u00f3n. Las celebridades, desde actores hasta m\u00fasicos, despliegan sus mejores galas en una pasarela de alta costura. Este a\u00f1o, los asistentes no decepcionaron, con trajes dise\u00f1ados por los nombres m\u00e1s relevantes de la moda actual. El rojo y el dorado dominaron la paleta, reflejando no solo la opulencia del evento, sino tambi\u00e9n un s\u00edmbolo de la lucha y la esperanza que representa la fundaci\u00f3n.<\/p>\n<h4>Causas que Suman<\/h4>\n<p>M\u00e1s all\u00e1 de la moda y el brillo, la fiesta tiene un objetivo claro: generar conciencia y recursos para la prevenci\u00f3n y tratamiento del VIH\/SIDA. Cabe destacar las impresionantes cifras recaudadas en pasadas ediciones, las cuales han sido fundamentales para ayudar a las personas afectadas por esta enfermedad en todo el mundo. La colaboraci\u00f3n entre la industria de la moda y la m\u00fasica resalta la importancia de unir fuerzas en causas sociales.<\/p>\n<h4>Momentos Memorables<\/h4>\n<p>La celebraci\u00f3n tiene sus momentos clave. Desde emotivos discursos hasta actuaciones en vivo, cada a\u00f1o deja una huella imborrable. Artistas de renombre deleitan a los asistentes con presentaciones memorables, que no solo hacen vibrar al p\u00fablico, sino que tambi\u00e9n refuerzan el mensaje de solidaridad y compromiso que subyace a la gala.<\/p>\n<h4>El Poder de la Comunidad<\/h4>\n<p>El evento refleja la fuerza de la comunidad art\u00edstica y su influencia para generar cambios. En un entorno donde el estrellato brilla, se destaca el esfuerzo colaborativo de quienes utilizan su voz y su plataforma para elevar este mensaje de esperanza. Con un n\u00famero creciente de aliados en la lucha, la fundaci\u00f3n se posiciona como un faro de inspiraci\u00f3n y acci\u00f3n frente a un desaf\u00edo global.<\/p>\n<h4>Un Llamado a la Acci\u00f3n<\/h4>\n<p>La fiesta de visualizaci\u00f3n de los Premios Oscar no es solo un evento glamuroso; es un recordatorio del poder que tenemos para marcar la diferencia. Con cada entrada, cada donaci\u00f3n y cada voz alzada, se crea un impacto que trasciende la alfombra roja. Cada a\u00f1o, la cita se convierte en un llamado a la acci\u00f3n, invitando a todos a ser parte de esta lucha vital.<\/p>\n<p>La celebraci\u00f3n muestra que el verdadero estilo no solo se refleja en la ropa que se lleva, sino tambi\u00e9n en el compromiso con causas que importan. As\u00ed, la fiesta de la Fundaci\u00f3n Elton John se erige no solo como un evento imprescindible en la agenda social, sino tambi\u00e9n como un s\u00edmbolo de esperanza y transformaci\u00f3n en la lucha contra el VIH\/SIDA.<\/p>\n<p><em> &#8221; Fuentes www.vogue.com &#8221; <\/em><\/p>\n","protected":false},"excerpt":{"rendered":"<p>Una Noche Brillante: El Glamour y el Compromiso en la Fiesta de Elton John La fiesta de visualizaci\u00f3n de los Premios Oscar organizada por la Fundaci\u00f3n Elton John es, sin duda, uno de los eventos m\u00e1s esperados en el calendario social de Hollywood. Este encuentro no solo celebra el cine, sino que tambi\u00e9n brilla con [&hellip;]<\/p>\n","protected":false},"author":14,"featured_media":1125414,"comment_status":"open","ping_status":"closed","sticky":false,"template":"","format":"standard","meta":{"om_disable_all_campaigns":false,"jnews-multi-image_gallery":[],"jnews_single_post":[],"jnews_primary_category":[],"jnews_social_meta":[],"footnotes":""},"categories":[144872],"tags":[55723,271487,207111,99641,212075,75295,270057,76796,92365,271488,203622],"class_list":["post-1125413","post","type-post","status-publish","format-standard","has-post-thumbnail","hentry","category-fashion","tag-55723","tag-aids-foundation","tag-celebrity-event","tag-charity","tag-elton-john","tag-fundraising","tag-generosity","tag-glamour","tag-oscars","tag-viewing-party","tag-vogue-parties"],"_links":{"self":[{"href":"https:\/\/dimensionturistica.com\/es\/wp-json\/wp\/v2\/posts\/1125413","targetHints":{"allow":["GET"]}}],"collection":[{"href":"https:\/\/dimensionturistica.com\/es\/wp-json\/wp\/v2\/posts"}],"about":[{"href":"https:\/\/dimensionturistica.com\/es\/wp-json\/wp\/v2\/types\/post"}],"author":[{"embeddable":true,"href":"https:\/\/dimensionturistica.com\/es\/wp-json\/wp\/v2\/users\/14"}],"replies":[{"embeddable":true,"href":"https:\/\/dimensionturistica.com\/es\/wp-json\/wp\/v2\/comments?post=1125413"}],"version-history":[{"count":1,"href":"https:\/\/dimensionturistica.com\/es\/wp-json\/wp\/v2\/posts\/1125413\/revisions"}],"predecessor-version":[{"id":1125415,"href":"https:\/\/dimensionturistica.com\/es\/wp-json\/wp\/v2\/posts\/1125413\/revisions\/1125415"}],"wp:featuredmedia":[{"embeddable":true,"href":"https:\/\/dimensionturistica.com\/es\/wp-json\/wp\/v2\/media\/1125414"}],"wp:attachment":[{"href":"https:\/\/dimensionturistica.com\/es\/wp-json\/wp\/v2\/media?parent=1125413"}],"wp:term":[{"taxonomy":"category","embeddable":true,"href":"https:\/\/dimensionturistica.com\/es\/wp-json\/wp\/v2\/categories?post=1125413"},{"taxonomy":"post_tag","embeddable":true,"href":"https:\/\/dimensionturistica.com\/es\/wp-json\/wp\/v2\/tags?post=1125413"}],"curies":[{"name":"wp","href":"https:\/\/api.w.org\/{rel}","templated":true}]}}