{"id":1125252,"date":"2026-03-16T00:44:35","date_gmt":"2026-03-16T00:44:35","guid":{"rendered":"https:\/\/dimensionturistica.com\/es\/?p=1125252"},"modified":"2026-03-16T00:44:35","modified_gmt":"2026-03-16T00:44:35","slug":"detras-de-las-camaras-en-los-premios-oscar-2026-descubre-los-momentos-mas-intimos-y-espontaneos","status":"publish","type":"post","link":"https:\/\/dimensionturistica.com\/es\/detras-de-las-camaras-en-los-premios-oscar-2026-descubre-los-momentos-mas-intimos-y-espontaneos\/","title":{"rendered":"Detr\u00e1s de las C\u00e1maras en los Premios Oscar 2026: Descubre los Momentos M\u00e1s \u00cdntimos y Espont\u00e1neos."},"content":{"rendered":"<h3>Momentos Candidatos del Estilo: La Alfombra Roja de los Oscars 2026<\/h3>\n<p>La alfombra roja de los Oscars es, sin lugar a dudas, uno de los eventos m\u00e1s anticipados del calendario de moda. Cada a\u00f1o, las celebrities deslumbran no solo por su talento, sino tambi\u00e9n por sus elecciones estil\u00edsticas. En 2026, la celebraci\u00f3n no decepcion\u00f3, ofreciendo un fest\u00edn visual que dej\u00f3 huella en la memoria colectiva de los amantes del cine y la moda.<\/p>\n<h4>Un Espect\u00e1culo de Glamour<\/h4>\n<p>Desde el momento en que las luces brillantes comenzaron a iluminar la llegada de las estrellas, el ambiente se llen\u00f3 de una energ\u00eda inigualable. Los destellos de los flashes se mezclaban con el murmullo de la multitud, creando una sinfon\u00eda de admiraci\u00f3n. Aqu\u00ed, cada paso era capturado, cada mirada se convert\u00eda en un instante digno de ser recordado. Las actrices y actores no solo llevaban vestidos; llevaban historias, emociones y un despliegue de creatividad que reflejaba su personalidad y su arte.<\/p>\n<h4>Estilos que Marcan Tendencia<\/h4>\n<p>Una paleta rica en texturas y colores domin\u00f3 el evento. Desde audaces cortes asim\u00e9tricos hasta tejidos vibrantes, los trajes fueron una celebraci\u00f3n de la innovaci\u00f3n. Dise\u00f1adores de renombre y nuevos talentos se unieron para presentar sus mejores colecciones, y cada pieza parec\u00eda contar su propia narrativa. Los brillos y los detalles de pedrer\u00eda brillaban bajo las luces, mientras que los cl\u00e1sicos atemporales se reinterpretaron con un giro moderno.<\/p>\n<p>Las celebridades tambi\u00e9n experimentaron con accesorios \u00fanicos, desde joyas statement hasta calzado avant-garde, logrando as\u00ed que cada atuendo sea un tema de conversaci\u00f3n. Im\u00e1genes de estos atuendos fueron compartidas instant\u00e1neamente en redes sociales, generando un fen\u00f3meno viral que involucr\u00f3 a millones.<\/p>\n<h4>Momentos \u00cdntimos<\/h4>\n<p>M\u00e1s all\u00e1 del espect\u00e1culo de gala, la aut\u00e9ntica magia del evento radic\u00f3 en esos instantes candid que capturaron las emociones reales de las estrellas. Las risas compartidas, los abrazos espont\u00e1neos y las miradas c\u00f3mplices ante las c\u00e1maras a\u00f1adieron una capa de humanidad a la celebridad. Estos momentos \u00edntimos se convirtieron en im\u00e1genes ic\u00f3nicas, recordando a todos que detr\u00e1s de cada figura p\u00fablica hay un ser humano con sentimientos y conexiones profundas.<\/p>\n<h4>El Poder de la Autenticidad<\/h4>\n<p>Mientras las celebridades mostraban sus mejores galas, tambi\u00e9n hab\u00eda un fuerte sentido de autenticidad presente. Al optar por estilos que resonaban con su propia identidad, las figuras del cine enviaron un mensaje poderoso sobre la autoexpresi\u00f3n. Vestirse para la alfombra roja no se trataba solo de seguir tendencias, sino de presentar una versi\u00f3n de s\u00ed mismos que inspirara a otros.<\/p>\n<h4>Un Resonante Eco Medi\u00e1tico<\/h4>\n<p>A medida que se difund\u00edan estas im\u00e1genes en plataformas digitales, y el eco de la alfombra roja reverberaba por todo el mundo, qued\u00f3 claro que m\u00e1s all\u00e1 del glamour, el verdadero impacto de los Oscars 2026 radic\u00f3 en c\u00f3mo la moda sirve de veh\u00edculo para la conversaci\u00f3n. La influencia de este evento se extender\u00e1 m\u00e1s all\u00e1 de la gala, capturando la atenci\u00f3n de dise\u00f1adores, marcas y fan\u00e1ticos por igual.<\/p>\n<p>La alfombra roja sigue siendo un escenario inigualable donde el arte, la moda y el cine convergen, y los Oscars de este a\u00f1o decididamente elevaron ese encuentro a nuevas alturas. Con cada a\u00f1o que pasa, la anticipaci\u00f3n por este evento se transforma en un an\u00e1lisis profundo de tendencias y un reflejo de lo que realmente significa ser parte de este mundo: autenticidad, creatividad y conexi\u00f3n.<\/p>\n<p><em> &#8221; Fuentes www.vogue.com &#8221; <\/em><\/p>\n","protected":false},"excerpt":{"rendered":"<p>Momentos Candidatos del Estilo: La Alfombra Roja de los Oscars 2026 La alfombra roja de los Oscars es, sin lugar a dudas, uno de los eventos m\u00e1s anticipados del calendario de moda. Cada a\u00f1o, las celebrities deslumbran no solo por su talento, sino tambi\u00e9n por sus elecciones estil\u00edsticas. En 2026, la celebraci\u00f3n no decepcion\u00f3, ofreciendo [&hellip;]<\/p>\n","protected":false},"author":14,"featured_media":1125253,"comment_status":"open","ping_status":"closed","sticky":false,"template":"","format":"standard","meta":{"om_disable_all_campaigns":false,"jnews-multi-image_gallery":[],"jnews_single_post":[],"jnews_primary_category":[],"jnews_social_meta":[],"footnotes":""},"categories":[144872],"tags":[55723,144468,211994,201263,225,205232,16295,201293,92365,212121,165],"class_list":["post-1125252","post","type-post","status-publish","format-standard","has-post-thumbnail","hentry","category-fashion","tag-55723","tag-behind-the-scenes","tag-candid-moments","tag-celebrity-moments","tag-entertainment","tag-film-awards","tag-hollywood","tag-movie-industry","tag-oscars","tag-oscars-2026","tag-red-carpet"],"_links":{"self":[{"href":"https:\/\/dimensionturistica.com\/es\/wp-json\/wp\/v2\/posts\/1125252","targetHints":{"allow":["GET"]}}],"collection":[{"href":"https:\/\/dimensionturistica.com\/es\/wp-json\/wp\/v2\/posts"}],"about":[{"href":"https:\/\/dimensionturistica.com\/es\/wp-json\/wp\/v2\/types\/post"}],"author":[{"embeddable":true,"href":"https:\/\/dimensionturistica.com\/es\/wp-json\/wp\/v2\/users\/14"}],"replies":[{"embeddable":true,"href":"https:\/\/dimensionturistica.com\/es\/wp-json\/wp\/v2\/comments?post=1125252"}],"version-history":[{"count":1,"href":"https:\/\/dimensionturistica.com\/es\/wp-json\/wp\/v2\/posts\/1125252\/revisions"}],"predecessor-version":[{"id":1125254,"href":"https:\/\/dimensionturistica.com\/es\/wp-json\/wp\/v2\/posts\/1125252\/revisions\/1125254"}],"wp:featuredmedia":[{"embeddable":true,"href":"https:\/\/dimensionturistica.com\/es\/wp-json\/wp\/v2\/media\/1125253"}],"wp:attachment":[{"href":"https:\/\/dimensionturistica.com\/es\/wp-json\/wp\/v2\/media?parent=1125252"}],"wp:term":[{"taxonomy":"category","embeddable":true,"href":"https:\/\/dimensionturistica.com\/es\/wp-json\/wp\/v2\/categories?post=1125252"},{"taxonomy":"post_tag","embeddable":true,"href":"https:\/\/dimensionturistica.com\/es\/wp-json\/wp\/v2\/tags?post=1125252"}],"curies":[{"name":"wp","href":"https:\/\/api.w.org\/{rel}","templated":true}]}}