{"id":1125238,"date":"2026-03-16T00:07:42","date_gmt":"2026-03-16T00:07:42","guid":{"rendered":"https:\/\/dimensionturistica.com\/es\/?p=1125238"},"modified":"2026-03-16T00:07:42","modified_gmt":"2026-03-16T00:07:42","slug":"aumentan-las-tarifas-el-primer-dia-de-la-cura-fest-de-carin-leon-por-viajes-de-aplicacion","status":"publish","type":"post","link":"https:\/\/dimensionturistica.com\/es\/aumentan-las-tarifas-el-primer-dia-de-la-cura-fest-de-carin-leon-por-viajes-de-aplicacion\/","title":{"rendered":"Aumentan las tarifas el primer d\u00eda de La Cura Fest de Car\u00edn Le\u00f3n por viajes de aplicaci\u00f3n"},"content":{"rendered":"<h2>La Cura Fest: Un Viaje de Cultura y Aventura en Car\u00edn Le\u00f3n<\/h2>\n<p>En la vibrante ciudad de Hermosillo, la m\u00fasica y la comunidad se unen en un evento que no solo celebra el talento de Car\u00edn Le\u00f3n, sino que tambi\u00e9n eleva el esp\u00edritu tur\u00edstico de la regi\u00f3n. La Cura Fest se perfila como una experiencia imperdible para los amantes de la m\u00fasica y los encuentros culturales, ofreciendo un espacio donde la diversi\u00f3n y la conexi\u00f3n con la cultura son protagonistas.<\/p>\n<h3>Un Cat\u00e1logo de Experiencias<\/h3>\n<p>Desde su primera edici\u00f3n, La Cura Fest ha atra\u00eddo a miles de visitantes. Este a\u00f1o, el evento se llevar\u00e1 a cabo en un ambiente festivo que combina conciertos, gastronom\u00eda local y un sinf\u00edn de actividades que invitan a todos a disfrutar. La m\u00fasica de Car\u00edn Le\u00f3n, junto con otros artistas de renombre, promete llenar de energ\u00eda las noches en Hermosillo, creando memorias que perdurar\u00e1n m\u00e1s all\u00e1 del evento.<\/p>\n<h3>Aventura en el Portal del Norte<\/h3>\n<p>Hermosillo, conocida como la puerta del norte, es una ciudad rica en tradiciones y cultura. La Cura Fest no solo es un homenaje a la m\u00fasica, sino tambi\u00e9n a la historia y la riqueza de esta regi\u00f3n. Los viajeros pueden aprovechar su visita para explorar el hermoso entorno natural que rodea a la ciudad, incluyendo impresionantes paisajes des\u00e9rticos, monta\u00f1as y \u00e1reas recreativas ideales para el senderismo y otros deportes al aire libre.<\/p>\n<h3>La Gastronom\u00eda: Un Fest\u00edn de Sabores<\/h3>\n<p>El viaje a Hermosillo no estar\u00eda completo sin una inmersi\u00f3n en su deliciosa gastronom\u00eda. Desde el famoso &#8220;carne asada&#8221; hasta los tradicionales &#8220;tacos de carne enchilada&#8221;, los asistentes a La Cura Fest tendr\u00e1n la oportunidad de disfrutar de un banquete que celebra los sabores locales. La variedad de platillos y bebidas t\u00edpicas har\u00e1 de cada comida un viaje al coraz\u00f3n de la cultura sonorense.<\/p>\n<h3>Tarifas y Recomendaciones para el Viajero<\/h3>\n<p>Es importante que los visitantes consideren planificar su viaje con anticipaci\u00f3n, ya que La Cura Fest suele elevar la demanda de hospedaje y puede afectar las tarifas en la ciudad. No obstante, esto no debe desanimar a quienes buscan vivir esta experiencia \u00fanica. Con una buena planificaci\u00f3n, es posible encontrar opciones de alojamiento c\u00f3modo y accesible.<\/p>\n<h3>Conectando con la Comunidad<\/h3>\n<p>M\u00e1s all\u00e1 de la m\u00fasica, La Cura Fest ofrece una magn\u00edfica oportunidad para conectarse con la gente de Hermosillo. Los asistentes pueden participar en diversas actividades comunitarias y art\u00edsticas que refuerzan el sentido de pertenencia y orgullo local. En este ambiente, la calidez y hospitalidad son ejemplos de la aut\u00e9ntica cultura sonorense.<\/p>\n<h3>Un Destino Imperdible<\/h3>\n<p>La Cura Fest representa algo m\u00e1s que un simple festival de m\u00fasica; es una celebraci\u00f3n de la vida, la cultura y el sentido de comunidad. Si buscas un destino que combine aventura, cultura y diversi\u00f3n, Hermosillo y su festival son el lugar perfecto. As\u00ed que no esperes m\u00e1s, prepara tus maletas y \u00fanete a esta experiencia inolvidable que seguramente dejar\u00e1 una huella en tu coraz\u00f3n.<\/p>\n<p>\u00a1Descubre la magia de La Cura Fest y todo lo que Hermosillo tiene para ofrecer!<\/p>\n<p><em> &#8221; Fuentes oem.com.mx &#8221; <\/em><\/p>\n","protected":false},"excerpt":{"rendered":"<p>La Cura Fest: Un Viaje de Cultura y Aventura en Car\u00edn Le\u00f3n En la vibrante ciudad de Hermosillo, la m\u00fasica y la comunidad se unen en un evento que no solo celebra el talento de Car\u00edn Le\u00f3n, sino que tambi\u00e9n eleva el esp\u00edritu tur\u00edstico de la regi\u00f3n. La Cura Fest se perfila como una experiencia [&hellip;]<\/p>\n","protected":false},"author":4,"featured_media":1125239,"comment_status":"open","ping_status":"closed","sticky":false,"template":"","format":"standard","meta":{"om_disable_all_campaigns":false,"jnews-multi-image_gallery":[],"jnews_single_post":[],"jnews_primary_category":[],"jnews_social_meta":[],"footnotes":""},"categories":[39],"tags":[251480,1371,724,873,7063,271466,2282,4889,241620],"class_list":["post-1125238","post","type-post","status-publish","format-standard","has-post-thumbnail","hentry","category-viajes","tag-carin-leon","tag-entretenimiento","tag-eventos","tag-festivales","tag-hermosillo","tag-la-cura-fest","tag-musica","tag-tarifas","tag-viajes-de-aplicacion"],"_links":{"self":[{"href":"https:\/\/dimensionturistica.com\/es\/wp-json\/wp\/v2\/posts\/1125238","targetHints":{"allow":["GET"]}}],"collection":[{"href":"https:\/\/dimensionturistica.com\/es\/wp-json\/wp\/v2\/posts"}],"about":[{"href":"https:\/\/dimensionturistica.com\/es\/wp-json\/wp\/v2\/types\/post"}],"author":[{"embeddable":true,"href":"https:\/\/dimensionturistica.com\/es\/wp-json\/wp\/v2\/users\/4"}],"replies":[{"embeddable":true,"href":"https:\/\/dimensionturistica.com\/es\/wp-json\/wp\/v2\/comments?post=1125238"}],"version-history":[{"count":1,"href":"https:\/\/dimensionturistica.com\/es\/wp-json\/wp\/v2\/posts\/1125238\/revisions"}],"predecessor-version":[{"id":1125240,"href":"https:\/\/dimensionturistica.com\/es\/wp-json\/wp\/v2\/posts\/1125238\/revisions\/1125240"}],"wp:featuredmedia":[{"embeddable":true,"href":"https:\/\/dimensionturistica.com\/es\/wp-json\/wp\/v2\/media\/1125239"}],"wp:attachment":[{"href":"https:\/\/dimensionturistica.com\/es\/wp-json\/wp\/v2\/media?parent=1125238"}],"wp:term":[{"taxonomy":"category","embeddable":true,"href":"https:\/\/dimensionturistica.com\/es\/wp-json\/wp\/v2\/categories?post=1125238"},{"taxonomy":"post_tag","embeddable":true,"href":"https:\/\/dimensionturistica.com\/es\/wp-json\/wp\/v2\/tags?post=1125238"}],"curies":[{"name":"wp","href":"https:\/\/api.w.org\/{rel}","templated":true}]}}