{"id":1125232,"date":"2026-03-15T23:51:31","date_gmt":"2026-03-15T23:51:31","guid":{"rendered":"https:\/\/dimensionturistica.com\/es\/?p=1125232"},"modified":"2026-03-15T23:51:31","modified_gmt":"2026-03-15T23:51:31","slug":"demi-moore-y-teyana-taylor-dos-almas-gemelas-en-los-premios-oscar-2026","status":"publish","type":"post","link":"https:\/\/dimensionturistica.com\/es\/demi-moore-y-teyana-taylor-dos-almas-gemelas-en-los-premios-oscar-2026\/","title":{"rendered":"Demi Moore y Teyana Taylor: Dos Almas Gemelas en los Premios Oscar 2026"},"content":{"rendered":"<p><strong>Plumas en la Pasarela: El Glamour So\u00f1ado de los Oscar 2026<\/strong><\/p>\n<p>El pr\u00f3ximo evento cinematogr\u00e1fico m\u00e1s esperado del a\u00f1o, los Oscar 2026, promete llevarnos a un recorrido visual fascinante con el regreso de uno de los elementos m\u00e1s deslumbrantes en la moda: las plumas. Aunque suelen estar reservadas para ocasiones especiales, este a\u00f1o se prev\u00e9 un despliegue audaz y creativo que reinventa la idea del lujo y la elegancia.<\/p>\n<h3>La Lente de la Moda<\/h3>\n<p>Las plumas han sido un s\u00edmbolo de extravagancia y originalidad en la moda desde las primeras pasarelas. En el contexto de los Oscar, se convierten en el lienzo perfecto para artistas y dise\u00f1adores que desean expresar su personalidad \u00fanica. Este a\u00f1o, se espera que las celebridades hagan que las plumas cuenten historias, transform\u00e1ndose en elementos que capturan la luz y la atenci\u00f3n tanto en la red carpet como en el plateado del escenario.<\/p>\n<h3>Innovaci\u00f3n y Tradici\u00f3n<\/h3>\n<p>Los dise\u00f1adores contempor\u00e1neos se est\u00e1n atrevimiento a experimentar con texturas y vol\u00famenes. La tendencia no solo se ve en los vestidos, sino tambi\u00e9n en trajes masculinos y accesorios que desaf\u00edan las normas tradicionales del g\u00e9nero. Las plumas, en tonos vibrantes y sutiles, se mezclan para crear un efecto visual hipn\u00f3tico. Este enfoque moderno presenta una reinvenci\u00f3n de estilos cl\u00e1sicos, donde cada prenda parece estar dise\u00f1ada para desafiar las expectativas.<\/p>\n<h3>Los Iconos de la Noche<\/h3>\n<p>Las figuras ic\u00f3nicas que transitan la alfombra roja son quienes suelen marcar la pauta del estilo. Se anticipa que las plumas jugar\u00e1n un papel destacado en los looks de las estrellas, convirtiendo la noche en un verdadero espect\u00e1culo visual. Desde vestidos enfocados en la silueta hasta trajes que desaf\u00edan la gravedad, se espera que los asistentes de la gala dejen una huella imborrable con sus elecciones de vestuario.<\/p>\n<h3>Paleta de Colores y Texturas<\/h3>\n<p>En cuanto a la paleta de colores, se prev\u00e9 un uso audaz de tonalidades met\u00e1licas como el dorado y el plateado, combinadas con matices m\u00e1s suaves y naturales. La incorporaci\u00f3n de brillantes y cristales se alinear\u00e1 perfectamente con las plumas, creando un efecto que evoca el glamour de la \u00e9poca dorada de Hollywood. La mezcla de texturas, desde la suavidad de las plumas hasta el brillo de los adornos, promete un nivel de sofisticaci\u00f3n que mantendr\u00e1 a la audiencia cautivada.<\/p>\n<h3>El Mensaje Detr\u00e1s de la Moda<\/h3>\n<p>M\u00e1s all\u00e1 de la est\u00e9tica, el uso de plumas tambi\u00e9n abre un debate relevante sobre sostenibilidad y \u00e9tica en la moda. Los dise\u00f1adores est\u00e1n cada vez m\u00e1s enfocados en utilizar materiales \u00e9ticos y pr\u00e1cticas responsables. Este movimiento se entrelaza con la narrativa de la noche, donde cada elecci\u00f3n de vestuario puede convertirse en un gesto significativo.<\/p>\n<h3>El \u00c9xito de una Decisi\u00f3n<\/h3>\n<p>Dado el entusiasmo generado por la tendencia de las plumas, los ojos del mundo estar\u00e1n fijados en c\u00f3mo cada celebridad interprete esta haza\u00f1a de estilo. La expectaci\u00f3n es palpable: \u00bfqu\u00e9 innovaciones visuales y creativas surgir\u00e1n en la noche? Sin duda, los Oscar 2026 se perfilan como una plataforma para redefinir la moda, donde cada pluma ser\u00e1 testigo de un nuevo cap\u00edtulo en la narrativa del cine y la est\u00e9tica.<\/p>\n<h3>A la Espera del Espect\u00e1culo<\/h3>\n<p>Con el evento a la vuelta de la esquina, la intriga continuar\u00eda creciendo entre los aficionados a la moda y el cine. Las plumas son m\u00e1s que un simple detalle; son una declaraci\u00f3n de estilo y creatividad. Los Oscar 2026 no s\u00f3lo celebrar\u00e1n los logros en la cinematograf\u00eda, sino que tambi\u00e9n rendir\u00e1n homenaje a la majestuosidad de la moda, invitando a todos a so\u00f1ar. La cuenta atr\u00e1s ha comenzado y la curiosidad se encuentra en su punto m\u00e1s \u00e1lgido. Sin duda, un evento que marcar\u00e1 el comp\u00e1s de la elegancia moderna.<\/p>\n<p><em> &#8221; Fuentes www.vogue.com &#8221; <\/em><\/p>\n","protected":false},"excerpt":{"rendered":"<p>Plumas en la Pasarela: El Glamour So\u00f1ado de los Oscar 2026 El pr\u00f3ximo evento cinematogr\u00e1fico m\u00e1s esperado del a\u00f1o, los Oscar 2026, promete llevarnos a un recorrido visual fascinante con el regreso de uno de los elementos m\u00e1s deslumbrantes en la moda: las plumas. Aunque suelen estar reservadas para ocasiones especiales, este a\u00f1o se prev\u00e9 [&hellip;]<\/p>\n","protected":false},"author":14,"featured_media":1125233,"comment_status":"open","ping_status":"closed","sticky":false,"template":"","format":"standard","meta":{"om_disable_all_campaigns":false,"jnews-multi-image_gallery":[],"jnews_single_post":[],"jnews_primary_category":[],"jnews_social_meta":[],"footnotes":""},"categories":[144872],"tags":[55723,198884,237,171044,166,16295,92365,212121,165,372,222529],"class_list":["post-1125232","post","type-post","status-publish","format-standard","has-post-thumbnail","hentry","category-fashion","tag-55723","tag-awards-show","tag-celebrity","tag-demi-moore","tag-fashion","tag-hollywood","tag-oscars","tag-oscars-2026","tag-red-carpet","tag-style","tag-teyana-taylor"],"_links":{"self":[{"href":"https:\/\/dimensionturistica.com\/es\/wp-json\/wp\/v2\/posts\/1125232","targetHints":{"allow":["GET"]}}],"collection":[{"href":"https:\/\/dimensionturistica.com\/es\/wp-json\/wp\/v2\/posts"}],"about":[{"href":"https:\/\/dimensionturistica.com\/es\/wp-json\/wp\/v2\/types\/post"}],"author":[{"embeddable":true,"href":"https:\/\/dimensionturistica.com\/es\/wp-json\/wp\/v2\/users\/14"}],"replies":[{"embeddable":true,"href":"https:\/\/dimensionturistica.com\/es\/wp-json\/wp\/v2\/comments?post=1125232"}],"version-history":[{"count":1,"href":"https:\/\/dimensionturistica.com\/es\/wp-json\/wp\/v2\/posts\/1125232\/revisions"}],"predecessor-version":[{"id":1125234,"href":"https:\/\/dimensionturistica.com\/es\/wp-json\/wp\/v2\/posts\/1125232\/revisions\/1125234"}],"wp:featuredmedia":[{"embeddable":true,"href":"https:\/\/dimensionturistica.com\/es\/wp-json\/wp\/v2\/media\/1125233"}],"wp:attachment":[{"href":"https:\/\/dimensionturistica.com\/es\/wp-json\/wp\/v2\/media?parent=1125232"}],"wp:term":[{"taxonomy":"category","embeddable":true,"href":"https:\/\/dimensionturistica.com\/es\/wp-json\/wp\/v2\/categories?post=1125232"},{"taxonomy":"post_tag","embeddable":true,"href":"https:\/\/dimensionturistica.com\/es\/wp-json\/wp\/v2\/tags?post=1125232"}],"curies":[{"name":"wp","href":"https:\/\/api.w.org\/{rel}","templated":true}]}}