{"id":1125211,"date":"2026-03-15T22:45:11","date_gmt":"2026-03-15T22:45:11","guid":{"rendered":"https:\/\/dimensionturistica.com\/es\/?p=1125211"},"modified":"2026-03-15T22:45:11","modified_gmt":"2026-03-15T22:45:11","slug":"proponen-restringir-los-viajes-en-autobus-de-menores-sin-el-consentimiento-paterno","status":"publish","type":"post","link":"https:\/\/dimensionturistica.com\/es\/proponen-restringir-los-viajes-en-autobus-de-menores-sin-el-consentimiento-paterno\/","title":{"rendered":"Proponen restringir los viajes en autob\u00fas de menores sin el consentimiento paterno"},"content":{"rendered":"<h3>La Nueva Normativa sobre Viajes de Menores: Implicaciones y Reflexiones<\/h3>\n<p>En un mundo cada vez m\u00e1s conectado y din\u00e1mico, la movilidad de los j\u00f3venes se presenta como un tema relevante y, a menudo, pol\u00e9mico. En la reciente discusi\u00f3n acerca de los viajes en autob\u00fas para menores de edad, se ha propuesto una iniciativa que busca garantizar la seguridad de los ni\u00f1os y adolescentes al requerir la autorizaci\u00f3n de los padres o tutores para que estos puedan viajar sin compa\u00f1\u00eda. Esta propuesta ha generado un amplio debate, reflejando tanto preocupaciones leg\u00edtimas como aspectos pr\u00e1cticos de la vida cotidiana.<\/p>\n<h4>El Contexto Actual<\/h4>\n<p>La posibilidad de que los menores viajen solos se ha vuelto m\u00e1s com\u00fan, ya sea por motivos de estudio, visita a familiares o simplemente por la b\u00fasqueda de nuevas aventuras. Sin embargo, el aumento en las tarifas a\u00e9reas y la demanda de medios de transporte m\u00e1s accesibles han llevado a muchas familias a optar por el autob\u00fas como una alternativa viable. Es en este escenario donde la propuesta de regulaci\u00f3n entra en juego, con el objetivo de salvaguardar la integridad de los j\u00f3venes.<\/p>\n<h4>Seguridad Primero<\/h4>\n<p>La seguridad de los menores siempre debe ser una prioridad. La propuesta busca establecer una medida que no solo evite situaciones de riesgo, sino que tambi\u00e9n fomente la comunicaci\u00f3n entre padres e hijos. En un mundo donde los peligros pueden acechar en cualquier esquina, es natural que los padres deseen mantener un control sobre los movimientos de sus hijos, al menos hasta que sean lo suficientemente maduros para asumir la responsabilidad de sus decisiones.<\/p>\n<p>La idea de que cada viaje requiera un visto bueno por parte de los padres puede parecer restrictiva, pero podr\u00eda resultar en un proceso beneficioso que incentive un di\u00e1logo sobre la seguridad, la responsabilidad y la autonom\u00eda. Los j\u00f3venes no solo aprender\u00edan a viajar, sino que tambi\u00e9n a valorar la confianza depositada en ellos.<\/p>\n<h4>Implicaciones Pr\u00e1cticas<\/h4>\n<p>No obstante, esta inquietud por la seguridad debe balancearse con la realidad de la vida moderna. Muchos menores de edad se ven obligados a desplazarse por motivos acad\u00e9micos o laborales. Prohibirles viajar sin autorizaci\u00f3n puede complicar su acceso a oportunidades educativas o recreativas, generando un efecto contrario al deseado.<\/p>\n<p>Es fundamental que se encuentren soluciones equilibradas que integren herramientas tecnol\u00f3gicas, como aplicaciones que notifiquen a los padres sobre la ubicaci\u00f3n de sus hijos durante el viaje, o sistemas de aviso que aseguren que el menor cuenta con la supervisi\u00f3n adecuada mientras se desplace.<\/p>\n<h4>Fomentando la Responsabilidad<\/h4>\n<p>A medida que avanzamos hacia un futuro en el que los j\u00f3venes tendr\u00e1n un papel cada vez m\u00e1s protag\u00f3nico en la sociedad, es crucial ense\u00f1arles a ser responsables de sus acciones. Las pol\u00edticas que fomentan la autonom\u00eda pueden ser beneficiosas, siempre y cuando incluyan estrategias de educaci\u00f3n en temas de seguridad y responsabilidad personal.<\/p>\n<p>Es vital que se promuevan espacios de formaci\u00f3n donde los menores aprendan a manejar situaciones de riesgo y se preparen adecuadamente para sus viajes. Si bien la propuesta de control parental ofrece cierto grado de seguridad, un enfoque que combine prevenci\u00f3n, educaci\u00f3n y responsabilidad puede ser mucho m\u00e1s efectivo en la preparaci\u00f3n de los j\u00f3venes para el mundo real.<\/p>\n<h4>Conclusi\u00f3n<\/h4>\n<p>El debate sobre la regulaci\u00f3n de viajes para menores en autob\u00fas refleja una preocupaci\u00f3n universal por la seguridad, as\u00ed como un deseo de empoderar a las nuevas generaciones. Al adoptar medidas que no solo busquen restringir, sino tambi\u00e9n educar y fomentar el di\u00e1logo familiar, se podr\u00e1 avanzar hacia un modelo que salvaguarde la integridad de los j\u00f3venes mientras les otorga la libertad que necesitan para explorar el mundo. En un \u00e1mbito donde la comunicaci\u00f3n y la confianza son clave, esta discusi\u00f3n abre la puerta a nuevas formas de entender la movilidad juvenil.<\/p>\n<p><em> &#8221; Fuentes enfoquemonterrey.com.mx &#8221; <\/em><\/p>\n","protected":false},"excerpt":{"rendered":"<p>La Nueva Normativa sobre Viajes de Menores: Implicaciones y Reflexiones En un mundo cada vez m\u00e1s conectado y din\u00e1mico, la movilidad de los j\u00f3venes se presenta como un tema relevante y, a menudo, pol\u00e9mico. En la reciente discusi\u00f3n acerca de los viajes en autob\u00fas para menores de edad, se ha propuesto una iniciativa que busca [&hellip;]<\/p>\n","protected":false},"author":4,"featured_media":1125212,"comment_status":"open","ping_status":"closed","sticky":false,"template":"","format":"standard","meta":{"om_disable_all_campaigns":false,"jnews-multi-image_gallery":[],"jnews_single_post":[],"jnews_primary_category":[],"jnews_social_meta":[],"footnotes":""},"categories":[39],"tags":[15793,4837,10870,5511,3481,545],"class_list":["post-1125211","post","type-post","status-publish","format-standard","has-post-thumbnail","hentry","category-viajes","tag-autobuses","tag-autorizacion","tag-menores","tag-padres","tag-prohibicion","tag-viajes"],"_links":{"self":[{"href":"https:\/\/dimensionturistica.com\/es\/wp-json\/wp\/v2\/posts\/1125211","targetHints":{"allow":["GET"]}}],"collection":[{"href":"https:\/\/dimensionturistica.com\/es\/wp-json\/wp\/v2\/posts"}],"about":[{"href":"https:\/\/dimensionturistica.com\/es\/wp-json\/wp\/v2\/types\/post"}],"author":[{"embeddable":true,"href":"https:\/\/dimensionturistica.com\/es\/wp-json\/wp\/v2\/users\/4"}],"replies":[{"embeddable":true,"href":"https:\/\/dimensionturistica.com\/es\/wp-json\/wp\/v2\/comments?post=1125211"}],"version-history":[{"count":1,"href":"https:\/\/dimensionturistica.com\/es\/wp-json\/wp\/v2\/posts\/1125211\/revisions"}],"predecessor-version":[{"id":1125213,"href":"https:\/\/dimensionturistica.com\/es\/wp-json\/wp\/v2\/posts\/1125211\/revisions\/1125213"}],"wp:featuredmedia":[{"embeddable":true,"href":"https:\/\/dimensionturistica.com\/es\/wp-json\/wp\/v2\/media\/1125212"}],"wp:attachment":[{"href":"https:\/\/dimensionturistica.com\/es\/wp-json\/wp\/v2\/media?parent=1125211"}],"wp:term":[{"taxonomy":"category","embeddable":true,"href":"https:\/\/dimensionturistica.com\/es\/wp-json\/wp\/v2\/categories?post=1125211"},{"taxonomy":"post_tag","embeddable":true,"href":"https:\/\/dimensionturistica.com\/es\/wp-json\/wp\/v2\/tags?post=1125211"}],"curies":[{"name":"wp","href":"https:\/\/api.w.org\/{rel}","templated":true}]}}