{"id":1125193,"date":"2026-03-15T21:15:28","date_gmt":"2026-03-15T21:15:28","guid":{"rendered":"https:\/\/dimensionturistica.com\/es\/?p=1125193"},"modified":"2026-03-15T21:15:28","modified_gmt":"2026-03-15T21:15:28","slug":"premios-oscar-2026-acompana-la-gala-y-el-desfile-de-la-alfombra-roja-en-directo","status":"publish","type":"post","link":"https:\/\/dimensionturistica.com\/es\/premios-oscar-2026-acompana-la-gala-y-el-desfile-de-la-alfombra-roja-en-directo\/","title":{"rendered":"Premios \u00d3scar 2026: Acompa\u00f1a la gala y el desfile de la alfombra roja en directo"},"content":{"rendered":"<h3>Glamour y Estilo: La Noche de los Oscars 2026<\/h3>\n<p>El mundo de la moda se paraliza cada vez que se anuncian los premios Oscars, y la edici\u00f3n de 2026 no fue la excepci\u00f3n. En una velada cargada de glamour y elegancia, las estrellas m\u00e1s brillantes de Hollywood deslumbraron tanto en la alfombra roja como en las categor\u00edas premiadas. Este a\u00f1o, el evento no solo celebr\u00f3 el cine, sino tambi\u00e9n una expresi\u00f3n audaz de estilo que dej\u00f3 una huella imborrable.<\/p>\n<h4>La Alfombra Roja: Un Desfile de Creaciones<\/h4>\n<p>La alfombra roja de los Oscars 2026 se transform\u00f3 en un aut\u00e9ntico escaparate de las tendencias m\u00e1s novedosas. Dise\u00f1adores de renombre presentaron colecciones que combinaban sofisticaci\u00f3n con un toque de innovaci\u00f3n. Entre los looks m\u00e1s comentados, se encontraron los vestidos de l\u00edneas arquitect\u00f3nicas que realzaron la figura de las celebridades, as\u00ed como los trajes de sastrer\u00eda impecables que marcaron un hito en la moda masculina.<\/p>\n<p>El uso de colores vibrantes y texturas inesperadas agreg\u00f3 un dinamismo visual a la ceremonia, con tonos joya dominando la escena. Las celebridades no dudaron en experimentar con siluetas que desafiaron las convenciones, creando un espect\u00e1culo visual que mantuvo a la audiencia al borde de sus asientos.<\/p>\n<h4>Detalles que Deslumbran<\/h4>\n<p>Los accesorios jugaron un papel crucial en la est\u00e9tica general. Joyas llamativas, peinados elaborados y maquillaje que realz\u00f3 la belleza natural de las asistentes fueron el complemento perfecto para los looks de la noche. Las tendencias en adornos como pendientes extralargos y pulseras apiladas se destacaron, mostrando la importancia de los detalles en la creaci\u00f3n de un outfit impactante.<\/p>\n<p>No se puede pasar por alto el fen\u00f3meno de los &#8220;eco-accesorios&#8221;, que incluyen piezas hechas de materiales sostenibles, reflejando un compromiso creciente hacia la moda consciente. Este enfoque no solo resalta el estilo, sino que tambi\u00e9n subraya la evoluci\u00f3n hacia una industria m\u00e1s responsable.<\/p>\n<h4>Actrices y Actores: Estilos Ic\u00f3nicos<\/h4>\n<p>Algunas de las figuras m\u00e1s destacadas de la noche incluyeron a actrices que llevaron el glamour a nuevas alturas. Sus elecciones de vestuario no fueron simplemente una cuesti\u00f3n de moda, sino un claro mensaje de empoderamiento que reson\u00f3 entre los espectadores. Los trajes masculinos tambi\u00e9n mostraron innovaci\u00f3n, con patrones y cortes que desafiaron los est\u00e1ndares tradicionales, ilustrando as\u00ed la evoluci\u00f3n de la masculinidad en el mundo de la moda.<\/p>\n<p>El uso de plataformas digitales para compartir estos looks potenci\u00f3 el alcance de la moda presentada. Las redes sociales se llenaron de rese\u00f1as y comentarios al instante, transformando los outfits en tendencias virales en cuesti\u00f3n de minutos.<\/p>\n<h4>Innovaci\u00f3n y Futuro en la Moda<\/h4>\n<p>La gran noche de los Oscars no solo celebr\u00f3 el talento cinematogr\u00e1fico, sino tambi\u00e9n el avance hacia un futuro m\u00e1s inclusivo y diverso en la moda. Los dise\u00f1adores est\u00e1n cada vez m\u00e1s comprometidos a romper barreras, haciendo que la moda sea accesible y representativa de diferentes identidades y cuerpos. Esta tendencia promete continuar redefiniendo lo que entendemos por estilo, permitiendo que nuevas voces emergen en el panorama de la moda global.<\/p>\n<h3>En resumen<\/h3>\n<p>La edici\u00f3n de los Oscars 2026 brill\u00f3 no solo por las estatuillas entregadas, sino por el esplendor visual que ofreci\u00f3. Desde las siluetas audaces hasta la fusi\u00f3n de lo cl\u00e1sico y lo contempor\u00e1neo, la noche fue un recordatorio del poder de la moda para contar historias y expresar emociones. La audiencia, cautivada, no tard\u00f3 en compartir su admiraci\u00f3n por estos momentos ic\u00f3nicos, asegurando que la celebraci\u00f3n de la moda y el cine contin\u00fae resonando en los corazones de muchos.<\/p>\n<p><em> &#8221; Fuentes www.vogue.mx &#8221; <\/em><\/p>\n","protected":false},"excerpt":{"rendered":"<p>Glamour y Estilo: La Noche de los Oscars 2026 El mundo de la moda se paraliza cada vez que se anuncian los premios Oscars, y la edici\u00f3n de 2026 no fue la excepci\u00f3n. En una velada cargada de glamour y elegancia, las estrellas m\u00e1s brillantes de Hollywood deslumbraron tanto en la alfombra roja como en [&hellip;]<\/p>\n","protected":false},"author":14,"featured_media":1125194,"comment_status":"open","ping_status":"closed","sticky":false,"template":"","format":"standard","meta":{"om_disable_all_campaigns":false,"jnews-multi-image_gallery":[],"jnews_single_post":[],"jnews_primary_category":[],"jnews_social_meta":[],"footnotes":""},"categories":[144872],"tags":[55723,21732,2448,1527,875,3175,1371,16295,92365,966,373],"class_list":["post-1125193","post","type-post","status-publish","format-standard","has-post-thumbnail","hentry","category-fashion","tag-55723","tag-alfombra-roja","tag-celebracion","tag-ceremonia","tag-cine","tag-en-vivo","tag-entretenimiento","tag-hollywood","tag-oscars","tag-premios","tag-web"],"_links":{"self":[{"href":"https:\/\/dimensionturistica.com\/es\/wp-json\/wp\/v2\/posts\/1125193","targetHints":{"allow":["GET"]}}],"collection":[{"href":"https:\/\/dimensionturistica.com\/es\/wp-json\/wp\/v2\/posts"}],"about":[{"href":"https:\/\/dimensionturistica.com\/es\/wp-json\/wp\/v2\/types\/post"}],"author":[{"embeddable":true,"href":"https:\/\/dimensionturistica.com\/es\/wp-json\/wp\/v2\/users\/14"}],"replies":[{"embeddable":true,"href":"https:\/\/dimensionturistica.com\/es\/wp-json\/wp\/v2\/comments?post=1125193"}],"version-history":[{"count":1,"href":"https:\/\/dimensionturistica.com\/es\/wp-json\/wp\/v2\/posts\/1125193\/revisions"}],"predecessor-version":[{"id":1125195,"href":"https:\/\/dimensionturistica.com\/es\/wp-json\/wp\/v2\/posts\/1125193\/revisions\/1125195"}],"wp:featuredmedia":[{"embeddable":true,"href":"https:\/\/dimensionturistica.com\/es\/wp-json\/wp\/v2\/media\/1125194"}],"wp:attachment":[{"href":"https:\/\/dimensionturistica.com\/es\/wp-json\/wp\/v2\/media?parent=1125193"}],"wp:term":[{"taxonomy":"category","embeddable":true,"href":"https:\/\/dimensionturistica.com\/es\/wp-json\/wp\/v2\/categories?post=1125193"},{"taxonomy":"post_tag","embeddable":true,"href":"https:\/\/dimensionturistica.com\/es\/wp-json\/wp\/v2\/tags?post=1125193"}],"curies":[{"name":"wp","href":"https:\/\/api.w.org\/{rel}","templated":true}]}}