{"id":1125163,"date":"2026-03-15T19:16:40","date_gmt":"2026-03-15T19:16:40","guid":{"rendered":"https:\/\/dimensionturistica.com\/es\/?p=1125163"},"modified":"2026-03-15T19:16:40","modified_gmt":"2026-03-15T19:16:40","slug":"explorando-la-semana-santa-en-europa-lugares-costumbres-y-celebraciones-esenciales-para-una-experiencia-unica","status":"publish","type":"post","link":"https:\/\/dimensionturistica.com\/es\/explorando-la-semana-santa-en-europa-lugares-costumbres-y-celebraciones-esenciales-para-una-experiencia-unica\/","title":{"rendered":"Explorando la Semana Santa en Europa: lugares, costumbres y celebraciones esenciales para una experiencia \u00fanica."},"content":{"rendered":"<h3>Una Semana Santa Inolvidable en Europa: Tradiciones, Destinos y Experiencias \u00danicas<\/h3>\n<p>La Semana Santa es una de las festividades m\u00e1s significativas en el calendario europeo, un tiempo de reflexi\u00f3n pero tambi\u00e9n de celebraci\u00f3n que transforma ciudades en escenarios vibrantes de tradiciones milenarias. Si est\u00e1s buscando escapar de la rutina y sumergirte en una experiencia cultural \u00fanica, Europa ofrece un sinf\u00edn de opciones que combinan arte, religi\u00f3n y fest\u00edn gastron\u00f3mico.<\/p>\n<h4>Sevilla, la Joya de Andaluc\u00eda<\/h4>\n<p>Uno de los destinos m\u00e1s emblem\u00e1ticos es Sevilla, donde la Semana Santa se vive con una profundidad emocional que toca el coraz\u00f3n de los visitantes. Las calles se llenan de pasos, procesiones y el sonido de la saeta, un canto flamenco que rinde homenaje a la Pasi\u00f3n. Las cofrad\u00edas, vestidas con h\u00e1bitos de nazarenos, cargan esculturas de gran valor art\u00edstico, lo que convierte cada desfile en una verdadera obra de arte en movimiento. La atm\u00f3sfera se palpita en el aire, y participar en esta experiencia es casi un rito de iniciaci\u00f3n para todo amante del turismo cultural.<\/p>\n<h4>La Pasi\u00f3n en Andalusia<\/h4>\n<p>Cruzando la frontera de Sevilla, encontramos otros encantos andaluces. En M\u00e1laga, la Semana Santa cuenta con enorme popularidad y es conocida no solo por su devoci\u00f3n, sino tambi\u00e9n por su vida nocturna. La procesi\u00f3n del &#8220;Cautivo&#8221; es especialmente conmovedora y atrae a miles de turistas. Disfrutar de tapas locales tras una de estas procesiones es el broche perfecto a un d\u00eda lleno de emociones.<\/p>\n<h4>La Tradici\u00f3n Italiana<\/h4>\n<p>Italia tambi\u00e9n brilla con luz propia durante esta festividad. En Roma, la ceremonia del &#8220;V\u00eda Crucis&#8221; que se celebra en el Coliseo es un evento que atrae a miles de peregrinos de todo el mundo. El Papa bendice a los asistentes, y la majestuosidad del lugar enmarca un ambiente de reflexi\u00f3n y unidad. Asimismo, ciudades comoFlorencia y N\u00e1poles ofrecen celebraciones donde se combinan la gastronom\u00eda t\u00edpica con ritos religiosos, proporcionando una experiencia multisensorial que resulta dif\u00edcil de olvidar.<\/p>\n<h4>El Colorido de Espa\u00f1a<\/h4>\n<p>No se puede hablar de la Semana Santa sin mencionar a Granada, donde la Alhambra se erige como testigo de las tradiciones que se desenvuelven en sus alrededores. En esta ciudad, los desfiles nocturnos iluminan el camino hacia una experiencia m\u00e1gica. Cada rinc\u00f3n de sus calles empedradas guarda secretos ancestrales que hacen del recorrido algo \u00fanico.<\/p>\n<h4>Una Semana Santa M\u00edstica en \u00c1msterdam<\/h4>\n<p>Lejos del calor del sur, en los Pa\u00edses Bajos, \u00c1msterdam ofrece una perspectiva diferente sobre la Semana Santa. Aunque la celebraci\u00f3n no es tan prominente, la ciudad se realza con eventos culturales y art\u00edsticos. Visitar los museos y conocer las historias de los grandes maestros que all\u00ed habitaron, mientras te sumerges en un ambiente primaveral, es un plan perfecto para quienes buscan tranquilidad y reflexi\u00f3n.<\/p>\n<h4>Celebraciones en Alemania y M\u00e1s All\u00e1<\/h4>\n<p>Cruzando el continente, Alemania tambi\u00e9n tiene su forma particular de observar la Semana Santa. Las ciudades ofrecen mercados y festivales que llenan las plazas de color y sabor. El &#8220;Ostern&#8221; es una celebraci\u00f3n que destaca por su gastronom\u00eda, donde los huevos de Pascua y los dulces t\u00edpicos tienen su propio protagonismo.<\/p>\n<p>Desde solidarias escapadas hasta celebraciones vibrantes, la Semana Santa en Europa es un mosaico de tradiciones que cautivan al viajero. Aunque la religiosidad sea el hilo conductor, cada ciudad esconde su propia historia, su cultura y su forma de vivir este suceso tan importante. As\u00ed que, si a\u00fan no tienes planes, el Viejo Continente te espera con los brazos abiertos para ofrecerte una experiencia que permanecer\u00e1 en tu memoria mucho despu\u00e9s de que las campanas hayan dejado de sonar. \u00a1No dejes que se escape esta oportunidad de vivir una Semana Santa diferente!<\/p>\n<p><em> &#8221; Fuentes www.infobae.com &#8221; <\/em><\/p>\n","protected":false},"excerpt":{"rendered":"<p>Una Semana Santa Inolvidable en Europa: Tradiciones, Destinos y Experiencias \u00danicas La Semana Santa es una de las festividades m\u00e1s significativas en el calendario europeo, un tiempo de reflexi\u00f3n pero tambi\u00e9n de celebraci\u00f3n que transforma ciudades en escenarios vibrantes de tradiciones milenarias. Si est\u00e1s buscando escapar de la rutina y sumergirte en una experiencia cultural [&hellip;]<\/p>\n","protected":false},"author":4,"featured_media":1125164,"comment_status":"open","ping_status":"closed","sticky":false,"template":"","format":"standard","meta":{"om_disable_all_campaigns":false,"jnews-multi-image_gallery":[],"jnews_single_post":[],"jnews_primary_category":[],"jnews_social_meta":[],"footnotes":""},"categories":[39],"tags":[1182,68486,69224,271429,134252,152157,3035,92623,97761,10387,150052,118033,118034,662,1228,271430,271431,271432,8066,3637,1653,724,3959,107084,1973,25759,151205,30796,700,2718,127964,96768,260,271433,467,215423,118054,3813,2849,2946,4044,79821,162613,96555,8531,75824,92693,186992,47128,3250,544,185931,545,4329,7816],"class_list":["post-1125163","post","type-post","status-publish","format-standard","has-post-thumbnail","hentry","category-viajes","tag-andalucia","tag-andalusia","tag-april","tag-banco-de-imagenes","tag-brotherhood","tag-candle","tag-castilla","tag-catholic","tag-catholicism","tag-celebraciones","tag-christ","tag-christian","tag-church","tag-cultura","tag-destinos","tag-devote","tag-devotion","tag-drum","tag-easter","tag-escapada","tag-europa","tag-eventos","tag-experiencias","tag-faith","tag-fiestas","tag-gala","tag-holy","tag-jesus","tag-madrid","tag-malaga","tag-mask","tag-parade","tag-people","tag-procession","tag-religion","tag-religiosidad","tag-religious","tag-santa","tag-semana","tag-semana-santa","tag-sevilla","tag-seville","tag-soldier","tag-sound","tag-spain","tag-spirituality","tag-step","tag-symbol","tag-tourist","tag-tradiciones","tag-turismo","tag-uniform","tag-viajes","tag-virgin","tag-week"],"_links":{"self":[{"href":"https:\/\/dimensionturistica.com\/es\/wp-json\/wp\/v2\/posts\/1125163","targetHints":{"allow":["GET"]}}],"collection":[{"href":"https:\/\/dimensionturistica.com\/es\/wp-json\/wp\/v2\/posts"}],"about":[{"href":"https:\/\/dimensionturistica.com\/es\/wp-json\/wp\/v2\/types\/post"}],"author":[{"embeddable":true,"href":"https:\/\/dimensionturistica.com\/es\/wp-json\/wp\/v2\/users\/4"}],"replies":[{"embeddable":true,"href":"https:\/\/dimensionturistica.com\/es\/wp-json\/wp\/v2\/comments?post=1125163"}],"version-history":[{"count":1,"href":"https:\/\/dimensionturistica.com\/es\/wp-json\/wp\/v2\/posts\/1125163\/revisions"}],"predecessor-version":[{"id":1125165,"href":"https:\/\/dimensionturistica.com\/es\/wp-json\/wp\/v2\/posts\/1125163\/revisions\/1125165"}],"wp:featuredmedia":[{"embeddable":true,"href":"https:\/\/dimensionturistica.com\/es\/wp-json\/wp\/v2\/media\/1125164"}],"wp:attachment":[{"href":"https:\/\/dimensionturistica.com\/es\/wp-json\/wp\/v2\/media?parent=1125163"}],"wp:term":[{"taxonomy":"category","embeddable":true,"href":"https:\/\/dimensionturistica.com\/es\/wp-json\/wp\/v2\/categories?post=1125163"},{"taxonomy":"post_tag","embeddable":true,"href":"https:\/\/dimensionturistica.com\/es\/wp-json\/wp\/v2\/tags?post=1125163"}],"curies":[{"name":"wp","href":"https:\/\/api.w.org\/{rel}","templated":true}]}}