{"id":1125040,"date":"2026-03-15T13:31:24","date_gmt":"2026-03-15T13:31:24","guid":{"rendered":"https:\/\/dimensionturistica.com\/es\/?p=1125040"},"modified":"2026-03-15T13:31:24","modified_gmt":"2026-03-15T13:31:24","slug":"como-y-a-que-hora-sintonizar-los-oscars-2026-en-vivo","status":"publish","type":"post","link":"https:\/\/dimensionturistica.com\/es\/como-y-a-que-hora-sintonizar-los-oscars-2026-en-vivo\/","title":{"rendered":"C\u00f3mo y a qu\u00e9 hora sintonizar los Oscars 2026 EN VIVO"},"content":{"rendered":"<h3>La Cuenta Regresiva para los \u00d3scares 2026: Un A\u00f1o de Estilo y Glamur<\/h3>\n<p>La esperada gala de los \u00d3scares, uno de los eventos m\u00e1s emblem\u00e1ticos del cine y la moda, se aproxima y promete convertirse en un espect\u00e1culo inolvidable. Con la ceremonia programada para el 2026, los amantes del cine y la moda tienen razones de sobra para prepararse para una noche deslumbrante.<\/p>\n<h4>\u00bfD\u00f3nde sintonizar la magia de los \u00d3scares?<\/h4>\n<p>Para todos aquellos que desean ser parte de esta velada llena de estrellas, es fundamental saber exactamente d\u00f3nde ver la ceremonia. Las plataformas de streaming y canales de televisi\u00f3n se han convertido en las mejores opciones para disfrutar de cada momento de esta celebraci\u00f3n del s\u00e9ptimo arte. La cobertura en vivo, los comentarios de expertos y an\u00e1lisis de las tendencias de moda son solo algunos de los elementos que acompa\u00f1an esta experiencia.<\/p>\n<h4>Estilo y tendecias en la alfombra roja<\/h4>\n<p>Una de las razones por las que los \u00d3scares son imperdibles es, sin duda, la alfombra roja. Este 2026 no ser\u00e1 la excepci\u00f3n, y las apuestas sobre los looks que los asistentes llevar\u00e1n ya han comenzado. Desde los dise\u00f1adores m\u00e1s aclamados hasta las nuevas promesas del mundo de la moda, la alfombra roja es un escaparate de tendencias que influir\u00e1n en la industria durante el a\u00f1o.<\/p>\n<h4>Un vistazo a las predicciones estil\u00edsticas<\/h4>\n<p>Las tendencias actuales sugieren que la sostenibilidad en la moda seguir\u00e1 marcando pauta. Cada vez m\u00e1s artistas optan por looks eco-amigables que combinan elegancia con conciencia ambiental. Mientras tanto, los tonos met\u00e1licos y las siluetas atrevidas prometen captar la atenci\u00f3n de los espectadores, haciendo que la noche sea a\u00fan m\u00e1s brillante. \u00bfQui\u00e9n ser\u00e1 el encargado de llevar la mejor creaci\u00f3n? Las especulaciones rondan sobre grandes nombres como Valentino, Dior y Chanel.<\/p>\n<h4>Momentos memorables: lo que el pasado nos ense\u00f1\u00f3<\/h4>\n<p>Cada edici\u00f3n de los \u00d3scares deja en nuestra memoria momentos ic\u00f3nicos, desde discursos conmovedores hasta aquellas sorprendentemente audaces decisiones de moda. Recordar estos instantes no solo alimenta la nostalgia, sino que tambi\u00e9n establece un est\u00e1ndar para futuras galas. La elegancia y la innovaci\u00f3n se entrelazan en cada presentaci\u00f3n, creando un legado que inspira a las nuevas generaciones.<\/p>\n<h4>Un evento que trasciende fronteras<\/h4>\n<p>M\u00e1s all\u00e1 de celebrarse en el coraz\u00f3n de Hollywood, los \u00d3scares han trascendido a un evento global. La influencia de esta ceremonia se siente en todas partes del mundo, desde fastuosos after parties en diversas ciudades hasta pre-\u00d3scares que hacen eco en redes sociales. Cada interacci\u00f3n, cada publicaci\u00f3n, cada opini\u00f3n contribuye a la creaci\u00f3n de un fen\u00f3meno cultural que se refuerza a\u00f1o tras a\u00f1o.<\/p>\n<h3>Conclusi\u00f3n: Una cita ineludible<\/h3>\n<p>La cuenta regresiva ya ha comenzado. Para los apasionados del cine y la moda, el 2026 promete ser un a\u00f1o lleno de sorpresas. \u00a1No te pierdas la oportunidad de ser parte de esta celebraci\u00f3n en la que el talento, la pasi\u00f3n y el estilo se dan cita en un mismo lugar! Ajusta tus calendarios, selecciona tu look favorito, y prep\u00e1rate para compartir y comentar cada momento de esta inolvidable noche. \u00a1Los \u00d3scares est\u00e1n a la vuelta de la esquina!<\/p>\n<p><em> &#8221; Fuentes www.vogue.mx &#8221; <\/em><\/p>\n","protected":false},"excerpt":{"rendered":"<p>La Cuenta Regresiva para los \u00d3scares 2026: Un A\u00f1o de Estilo y Glamur La esperada gala de los \u00d3scares, uno de los eventos m\u00e1s emblem\u00e1ticos del cine y la moda, se aproxima y promete convertirse en un espect\u00e1culo inolvidable. Con la ceremonia programada para el 2026, los amantes del cine y la moda tienen razones [&hellip;]<\/p>\n","protected":false},"author":14,"featured_media":1125041,"comment_status":"open","ping_status":"closed","sticky":false,"template":"","format":"standard","meta":{"om_disable_all_campaigns":false,"jnews-multi-image_gallery":[],"jnews_single_post":[],"jnews_primary_category":[],"jnews_social_meta":[],"footnotes":""},"categories":[144872],"tags":[875,1371,724,16295,5927,212121,966,19907,1375,134,207990],"class_list":["post-1125040","post","type-post","status-publish","format-standard","has-post-thumbnail","hentry","category-fashion","tag-cine","tag-entretenimiento","tag-eventos","tag-hollywood","tag-horario","tag-oscars-2026","tag-premios","tag-premios-oscar","tag-streaming","tag-television","tag-ver-en-vivo"],"_links":{"self":[{"href":"https:\/\/dimensionturistica.com\/es\/wp-json\/wp\/v2\/posts\/1125040","targetHints":{"allow":["GET"]}}],"collection":[{"href":"https:\/\/dimensionturistica.com\/es\/wp-json\/wp\/v2\/posts"}],"about":[{"href":"https:\/\/dimensionturistica.com\/es\/wp-json\/wp\/v2\/types\/post"}],"author":[{"embeddable":true,"href":"https:\/\/dimensionturistica.com\/es\/wp-json\/wp\/v2\/users\/14"}],"replies":[{"embeddable":true,"href":"https:\/\/dimensionturistica.com\/es\/wp-json\/wp\/v2\/comments?post=1125040"}],"version-history":[{"count":1,"href":"https:\/\/dimensionturistica.com\/es\/wp-json\/wp\/v2\/posts\/1125040\/revisions"}],"predecessor-version":[{"id":1125042,"href":"https:\/\/dimensionturistica.com\/es\/wp-json\/wp\/v2\/posts\/1125040\/revisions\/1125042"}],"wp:featuredmedia":[{"embeddable":true,"href":"https:\/\/dimensionturistica.com\/es\/wp-json\/wp\/v2\/media\/1125041"}],"wp:attachment":[{"href":"https:\/\/dimensionturistica.com\/es\/wp-json\/wp\/v2\/media?parent=1125040"}],"wp:term":[{"taxonomy":"category","embeddable":true,"href":"https:\/\/dimensionturistica.com\/es\/wp-json\/wp\/v2\/categories?post=1125040"},{"taxonomy":"post_tag","embeddable":true,"href":"https:\/\/dimensionturistica.com\/es\/wp-json\/wp\/v2\/tags?post=1125040"}],"curies":[{"name":"wp","href":"https:\/\/api.w.org\/{rel}","templated":true}]}}