{"id":1124976,"date":"2026-03-15T10:07:32","date_gmt":"2026-03-15T10:07:32","guid":{"rendered":"https:\/\/dimensionturistica.com\/es\/?p=1124976"},"modified":"2026-03-15T10:07:32","modified_gmt":"2026-03-15T10:07:32","slug":"alicante-capta-la-atencion-de-suiza-italia-y-paises-bajos-en-la-feria-turistica-de-berlin","status":"publish","type":"post","link":"https:\/\/dimensionturistica.com\/es\/alicante-capta-la-atencion-de-suiza-italia-y-paises-bajos-en-la-feria-turistica-de-berlin\/","title":{"rendered":"Alicante capta la atenci\u00f3n de Suiza, Italia y Pa\u00edses Bajos en la feria tur\u00edstica de Berl\u00edn"},"content":{"rendered":"<h3>Alicante: Un Para\u00edso que Despierta el Inter\u00e9s Internacional en la ITB de Berl\u00edn<\/h3>\n<p>La costa alicantina ha brillado con luz propia en la reciente Feria ITB de Berl\u00edn, uno de los eventos m\u00e1s destacados del turismo a nivel mundial. Este encuentro no solo ha servido como un escaparate de oportunidades sino tambi\u00e9n como un trampol\u00edn que ha catapultado a Alicante al centro de atenci\u00f3n de pa\u00edses como Suiza, Italia y los Pa\u00edses Bajos. Con su rica oferta cultural, su vasta diversidad de paisajes y un clima envidiable, la regi\u00f3n se presenta como un destino irresistible para turistas europeos.<\/p>\n<h3>Una Ventana al Mundo<\/h3>\n<p>La ITB de Berl\u00edn ha sido el escenario perfecto para que Alicante muestre sus encantos. Standing entre los destinos m\u00e1s atractivos de Espa\u00f1a, esta provincia ha dise\u00f1ado una estrategia de promoci\u00f3n que ha capturado el inter\u00e9s de agentes de viajes y profesionales del sector tur\u00edstico. Con una s\u00f3lida oferta que combina sol y playa, cultura y gastronom\u00eda, Alicante se posiciona como una opci\u00f3n ideal para los viajeros que buscan experiencias \u00fanicas y memorables.<\/p>\n<h3>La Magia de la Costa Blanca<\/h3>\n<p>La Costa Blanca, con sus playas de ensue\u00f1o y sus calas escondidas, ha sido uno de los principales focos de atenci\u00f3n. La variedad de actividades acu\u00e1ticas, el senderismo por paisajes naturales y la rica biodiversidad son solo algunas de las inquietantes propuestas que prometen aventuras inolvidables. Adem\u00e1s, la provincia alberga un patrimonio cultural que incluye castillos, museos y festivales tradicionales que invitan a los visitantes a conocer la historia y las costumbres locales.<\/p>\n<h3>Gastronom\u00eda que Conquista Paladares<\/h3>\n<p>No se puede hablar de Alicante sin mencionar su espectacular oferta gastron\u00f3mica. Los productos locales, entre los que destacan el arroz, el pescado fresco y las verduras de la huerta, conforman la base de una cocina rica y variada. A medida que los turistas se adentran en la cultura alicantina, tienen la oportunidad de deleitarse con platos tradicionales como la paella o el famoso turr\u00f3n, que se han ganado un lugar especial en la mesa internacional.<\/p>\n<h3>Conexiones Efectivas<\/h3>\n<p>El inter\u00e9s mostrado por Suiza, Italia y los Pa\u00edses Bajos en la ITB resalta la importancia de las conexiones a\u00e9reas y terrestres que facilitan el acceso a la regi\u00f3n. Alicante no solo es accesible, sino que ofrece un entorno seguro y acogedor que resulta altamente atractivo para los turistas. Este enfoque proactivo en la promoci\u00f3n de la regi\u00f3n est\u00e1 cimentando sus bases como un punto de referencia en el auge del turismo en Europa.<\/p>\n<h3>Mirando hacia el Futuro<\/h3>\n<p>La participaci\u00f3n de Alicante en la ITB de Berl\u00edn se\u00f1ala el compromiso de la regi\u00f3n con el desarrollo sostenible y la innovaci\u00f3n en el sector tur\u00edstico. Los esfuerzos por diversificar la oferta, mejorando continuamente la calidad del servicio y la experiencia del visitante, est\u00e1n comenzando a dar sus frutos. Con cada evento internacional en el que participa, Alicante reafirma su posici\u00f3n de liderazgo como uno de los destinos m\u00e1s prometedores del Mediterr\u00e1neo, listo para recibir a viajeros de todos los rincones del mundo.<\/p>\n<p>En conclusi\u00f3n, Alicante no solo es un destino de sol y playa; es un lugar donde la historia, la cultura y la gastronom\u00eda se entrelazan en una experiencia \u00fanica. La creciente atenci\u00f3n de pa\u00edses como Suiza, Italia y los Pa\u00edses Bajos es solo el comienzo, ya que esta joya del Mediterr\u00e1neo contin\u00faa ganando corazones y creando recuerdos inolvidables para todos. \u00a1Alicante te espera con los brazos abiertos!<\/p>\n<p><em> &#8221; Sources onda15.es &#8221; <\/em><\/p>\n","protected":false},"excerpt":{"rendered":"<p>Alicante: Un Para\u00edso que Despierta el Inter\u00e9s Internacional en la ITB de Berl\u00edn La costa alicantina ha brillado con luz propia en la reciente Feria ITB de Berl\u00edn, uno de los eventos m\u00e1s destacados del turismo a nivel mundial. Este encuentro no solo ha servido como un escaparate de oportunidades sino tambi\u00e9n como un trampol\u00edn [&hellip;]<\/p>\n","protected":false},"author":4,"featured_media":1124977,"comment_status":"open","ping_status":"closed","sticky":false,"template":"","format":"standard","meta":{"om_disable_all_campaigns":false,"jnews-multi-image_gallery":[],"jnews_single_post":[],"jnews_primary_category":[],"jnews_social_meta":[],"footnotes":""},"categories":[40],"tags":[6178,13096,212125,271394,1692,21042,5897,7581,6996,544],"class_list":["post-1124976","post","type-post","status-publish","format-standard","has-post-thumbnail","hentry","category-industria","tag-alicante","tag-berlin","tag-feria-itb","tag-interesados-turisticos","tag-italia","tag-mercado-internacional","tag-paises-bajos","tag-promocion","tag-suiza","tag-turismo"],"_links":{"self":[{"href":"https:\/\/dimensionturistica.com\/es\/wp-json\/wp\/v2\/posts\/1124976","targetHints":{"allow":["GET"]}}],"collection":[{"href":"https:\/\/dimensionturistica.com\/es\/wp-json\/wp\/v2\/posts"}],"about":[{"href":"https:\/\/dimensionturistica.com\/es\/wp-json\/wp\/v2\/types\/post"}],"author":[{"embeddable":true,"href":"https:\/\/dimensionturistica.com\/es\/wp-json\/wp\/v2\/users\/4"}],"replies":[{"embeddable":true,"href":"https:\/\/dimensionturistica.com\/es\/wp-json\/wp\/v2\/comments?post=1124976"}],"version-history":[{"count":1,"href":"https:\/\/dimensionturistica.com\/es\/wp-json\/wp\/v2\/posts\/1124976\/revisions"}],"predecessor-version":[{"id":1124978,"href":"https:\/\/dimensionturistica.com\/es\/wp-json\/wp\/v2\/posts\/1124976\/revisions\/1124978"}],"wp:featuredmedia":[{"embeddable":true,"href":"https:\/\/dimensionturistica.com\/es\/wp-json\/wp\/v2\/media\/1124977"}],"wp:attachment":[{"href":"https:\/\/dimensionturistica.com\/es\/wp-json\/wp\/v2\/media?parent=1124976"}],"wp:term":[{"taxonomy":"category","embeddable":true,"href":"https:\/\/dimensionturistica.com\/es\/wp-json\/wp\/v2\/categories?post=1124976"},{"taxonomy":"post_tag","embeddable":true,"href":"https:\/\/dimensionturistica.com\/es\/wp-json\/wp\/v2\/tags?post=1124976"}],"curies":[{"name":"wp","href":"https:\/\/api.w.org\/{rel}","templated":true}]}}