{"id":112484,"date":"2021-04-13T16:20:29","date_gmt":"2021-04-13T16:20:29","guid":{"rendered":"https:\/\/dimensionturistica.com\/es\/?p=112484"},"modified":"2021-04-13T16:20:29","modified_gmt":"2021-04-13T16:20:29","slug":"urgen-cancelar-viajes-y-fiestas-familiares-por-repunte-del-covid-19-actualidad","status":"publish","type":"post","link":"https:\/\/dimensionturistica.com\/es\/urgen-cancelar-viajes-y-fiestas-familiares-por-repunte-del-covid-19-actualidad\/","title":{"rendered":"Urgen cancelar viajes y fiestas familiares por repunte del covid-19 | Actualidad"},"content":{"rendered":"<p> <br \/>\n<\/p>\n<div itemprop=\"articleBody\">\n                                <meta itemprop=\"isAccessibleForFree\" content=\"true\"\/><\/p>\n<p>En momentos en que contin\u00faan <span style=\"text-decoration: underline;\"><a rel=\"nofollow noopener\" target=\"_blank\" href=\"https:\/\/covid19datos.salud.gov.pr\/\">en aumento los contagios y las hospitalizaciones por covid-19<\/a><\/span> en la Isla, la Sociedad de Enfermedades Infecciosas de Puerto Rico public\u00f3 una lista de recomendaciones para prevenir la enfermedad.<\/p>\n<p>Una de las recomendaciones en el documento es que \u201cel Gobierno debe tomar medidas inmediatas y agresivas de toque de queda, cierre parcial de servicios no esenciales y cancelar actividades de fines de semana para evitar un \u2018lockdown\u2019 del Pa\u00eds. Esto por lo menos para las pr\u00f3ximas 2-4 semanas\u201d.<\/p>\n<p>Por otro lado, los infect\u00f3logos urgen a las familias a cancelar reuniones y fiestas, en especial para la venidera celebraci\u00f3n del D\u00eda de las Madres.<\/p>\n<div class=\"inline-asset inline-article  subscriber-hide tnt-inline-asset tnt-inline-relcontent tnt-inline-article tnt-inline-relation-child tnt-inline-presentation-default tnt-inline-alignment-default tnt-inline-width-default\">\n<article id=\"card-summary-f6ba4724-9c45-11eb-8b2b-b7004791b292\" class=\"tnt-asset-type-article clearfix card summary has-image  letterbox-style-default  tnt-section-gobierno\">\n<div class=\"card-container\">\n<div class=\"card-image \">\n<div class=\"media-preview-f6ba4724-9c45-11eb-8b2b-b7004791b292 media-preview article-asset\" data-aspect=\"\">\n<figure class=\"photo layout-horizontal letterbox-style-default\">\n<div class=\"image\">\n<p>                    <a rel=\"nofollow noopener\" target=\"_blank\" href=\"https:\/\/www.elvocero.com\/gobierno\/aumentan-a-406-las-hospitalizaciones-por-coronavirus\/article_f6ba4724-9c45-11eb-8b2b-b7004791b292.html\" class=\"tnt-asset-link\">                <\/p>\n<p>                &#13;<br \/>\n        &#13;<br \/>\n                        <img loading=\"lazy\" decoding=\"async\" src=\"data:image\/png;base64,iVBORw0KGgoAAAANSUhEUgAAAAQAAAADCAQAAAAe\/WZNAAAAEElEQVR42mM8U88ABowYDABAxQPltt5zqAAAAABJRU5ErkJggg==\" alt=\"Aumentan a 406 las hospitalizaciones por coronavirus\" class=\"img-responsive lazyload full default\" width=\"960\" height=\"640\" data-sizes=\"auto\" data-srcset=\"https:\/\/bloximages.newyork1.vip.townnews.com\/elvocero.com\/content\/tncms\/assets\/v3\/editorial\/a\/0f\/a0f77ede-c684-11ea-b59e-37acac5c7fd8\/5f0ed832cce31.image.jpg?resize=150%2C100 150w, https:\/\/bloximages.newyork1.vip.townnews.com\/elvocero.com\/content\/tncms\/assets\/v3\/editorial\/a\/0f\/a0f77ede-c684-11ea-b59e-37acac5c7fd8\/5f0ed832cce31.image.jpg?resize=200%2C133 200w, https:\/\/bloximages.newyork1.vip.townnews.com\/elvocero.com\/content\/tncms\/assets\/v3\/editorial\/a\/0f\/a0f77ede-c684-11ea-b59e-37acac5c7fd8\/5f0ed832cce31.image.jpg?resize=225%2C150 225w, https:\/\/bloximages.newyork1.vip.townnews.com\/elvocero.com\/content\/tncms\/assets\/v3\/editorial\/a\/0f\/a0f77ede-c684-11ea-b59e-37acac5c7fd8\/5f0ed832cce31.image.jpg?resize=300%2C200 300w, https:\/\/bloximages.newyork1.vip.townnews.com\/elvocero.com\/content\/tncms\/assets\/v3\/editorial\/a\/0f\/a0f77ede-c684-11ea-b59e-37acac5c7fd8\/5f0ed832cce31.image.jpg?resize=400%2C267 400w, https:\/\/bloximages.newyork1.vip.townnews.com\/elvocero.com\/content\/tncms\/assets\/v3\/editorial\/a\/0f\/a0f77ede-c684-11ea-b59e-37acac5c7fd8\/5f0ed832cce31.image.jpg?resize=540%2C360 540w, https:\/\/bloximages.newyork1.vip.townnews.com\/elvocero.com\/content\/tncms\/assets\/v3\/editorial\/a\/0f\/a0f77ede-c684-11ea-b59e-37acac5c7fd8\/5f0ed832cce31.image.jpg?resize=640%2C427 640w, https:\/\/bloximages.newyork1.vip.townnews.com\/elvocero.com\/content\/tncms\/assets\/v3\/editorial\/a\/0f\/a0f77ede-c684-11ea-b59e-37acac5c7fd8\/5f0ed832cce31.image.jpg?resize=750%2C500 750w, https:\/\/bloximages.newyork1.vip.townnews.com\/elvocero.com\/content\/tncms\/assets\/v3\/editorial\/a\/0f\/a0f77ede-c684-11ea-b59e-37acac5c7fd8\/5f0ed832cce31.image.jpg?resize=960%2C640 990w\"\/><br \/>\n                <\/a><\/p><\/div>\n<\/figure>\n<\/div><\/div>\n<div class=\"card-body\">\n<div class=\"card-lead\">\n<p>Hay dos pacientes pedi\u00e1tricos en cuidados intensivos y uno en ventilador.<\/p>\n<\/p><\/div><\/div><\/div>\n<\/article>\n<\/div>\n<p>En cuanto a los viajeros, recomiendan cancelar o posponer todo viaje a Estados Unidos e internacional. \u201cExisten muchas variantes del covid-19 m\u00e1s agresivas, el acceso a los medicamentos es limitado y los procesos de vacunaci\u00f3n apenas comienzan en muchos pa\u00edses\u201d, lee el documento.<\/p>\n<p>Al momento, los estados con mayor incidencia de covid-19 son Michigan, Rhode Island, Minnesota, Alaska, Florida y Texas. Estos \u00faltimos dos han relajado las medidas de seguridad contra el covid-19 en las pasadas semanas, a pesar de pedidos de expertos para que mantengan restricciones como el uso de mascarilla hasta que suficientes personas est\u00e9n vacunadas.<\/p>\n<p>Adem\u00e1s, pidi\u00f3 a las familias que eviten reuniones con viajeros, \u201cindependientemente de que est\u00e9n vacunados. Ex\u00edjales pruebas moleculares o de ant\u00edgenos\u201d.<\/p>\n<p>Otras recomendaciones incluyen: que iglesias y negocios eviten la actividad de cantar en lugares cerrados; que el Departamento de Salud cancele las visitas a los hospitales y que los hospitales se abastezcan de equipo protectivo ante un posible incremento exponencial de pacientes.<\/p>\n<p><strong>Lee el documento con las recomendaciones:<\/strong><\/p>\n<\/p><\/div>\n<p><script>\n!function(f,b,e,v,n,t,s)\n{if(f.fbq)return;n=f.fbq=function(){n.callMethod?\nn.callMethod.apply(n,arguments):n.queue.push(arguments)};\nif(!f._fbq)f._fbq=n;n.push=n;n.loaded=!0;n.version='2.0';\nn.queue=[];t=b.createElement(e);t.async=!0;\nt.src=v;s=b.getElementsByTagName(e)[0];\ns.parentNode.insertBefore(t,s)}(window, document,'script',\n'https:\/\/connect.facebook.net\/en_US\/fbevents.js');\nfbq('init', '1815340891988198');\nfbq('track', 'PageView');\n<\/script><br \/>\n<br \/><\/p>\n<p><em> &#8221; Fuentes www.elvocero.com &#8221; <\/em><\/p>\n","protected":false},"excerpt":{"rendered":"<p>En momentos en que contin\u00faan en aumento los contagios y las hospitalizaciones por covid-19 en la Isla, la Sociedad de Enfermedades Infecciosas de Puerto Rico public\u00f3 una lista de recomendaciones para prevenir la enfermedad. Una de las recomendaciones en el documento es que \u201cel Gobierno debe tomar medidas inmediatas y agresivas de toque de queda, [&hellip;]<\/p>\n","protected":false},"author":4,"featured_media":112485,"comment_status":"open","ping_status":"closed","sticky":false,"template":"","format":"standard","meta":{"om_disable_all_campaigns":false,"jnews-multi-image_gallery":[],"jnews_single_post":[],"jnews_primary_category":[],"jnews_social_meta":[],"footnotes":""},"categories":[39],"tags":[55],"class_list":["post-112484","post","type-post","status-publish","format-standard","has-post-thumbnail","hentry","category-viajes","tag-coronavirus"],"_links":{"self":[{"href":"https:\/\/dimensionturistica.com\/es\/wp-json\/wp\/v2\/posts\/112484","targetHints":{"allow":["GET"]}}],"collection":[{"href":"https:\/\/dimensionturistica.com\/es\/wp-json\/wp\/v2\/posts"}],"about":[{"href":"https:\/\/dimensionturistica.com\/es\/wp-json\/wp\/v2\/types\/post"}],"author":[{"embeddable":true,"href":"https:\/\/dimensionturistica.com\/es\/wp-json\/wp\/v2\/users\/4"}],"replies":[{"embeddable":true,"href":"https:\/\/dimensionturistica.com\/es\/wp-json\/wp\/v2\/comments?post=112484"}],"version-history":[{"count":0,"href":"https:\/\/dimensionturistica.com\/es\/wp-json\/wp\/v2\/posts\/112484\/revisions"}],"wp:featuredmedia":[{"embeddable":true,"href":"https:\/\/dimensionturistica.com\/es\/wp-json\/wp\/v2\/media\/112485"}],"wp:attachment":[{"href":"https:\/\/dimensionturistica.com\/es\/wp-json\/wp\/v2\/media?parent=112484"}],"wp:term":[{"taxonomy":"category","embeddable":true,"href":"https:\/\/dimensionturistica.com\/es\/wp-json\/wp\/v2\/categories?post=112484"},{"taxonomy":"post_tag","embeddable":true,"href":"https:\/\/dimensionturistica.com\/es\/wp-json\/wp\/v2\/tags?post=112484"}],"curies":[{"name":"wp","href":"https:\/\/api.w.org\/{rel}","templated":true}]}}