{"id":1124791,"date":"2026-03-14T23:50:31","date_gmt":"2026-03-14T23:50:31","guid":{"rendered":"https:\/\/dimensionturistica.com\/es\/?p=1124791"},"modified":"2026-03-14T23:50:31","modified_gmt":"2026-03-14T23:50:31","slug":"adorni-reitera-su-postura-tras-las-controversias-ocasionadas-por-sus-viajes","status":"publish","type":"post","link":"https:\/\/dimensionturistica.com\/es\/adorni-reitera-su-postura-tras-las-controversias-ocasionadas-por-sus-viajes\/","title":{"rendered":"Adorni reitera su postura tras las controversias ocasionadas por sus viajes."},"content":{"rendered":"<h3>Viajes, Pol\u00edtica y Controversia: Un V\u00ednculo Inesperado<\/h3>\n<p>En el mundo del turismo, las historias de viajes suelen ir acompa\u00f1adas de descubrimientos culturales y paisajes sorprendentes. Sin embargo, en ocasiones, esos relatos se ven ensombrecidos por la controversia. Este es el caso reciente de un viaje que, aunque inicialmente parec\u00eda enmarcarse dentro de la normalidad, termin\u00f3 cargado de tintes pol\u00edticos y dudas sobre la \u00e9tica de los involucrados.<\/p>\n<p>La situaci\u00f3n gira en torno a un viaje realizado por la esposa de un funcionario de alto perfil en el contexto de un evento destinatario de los c\u00edrculos pol\u00edticos. Lo que comenz\u00f3 como un par de d\u00edas de esparcimiento se convirti\u00f3 r\u00e1pidamente en el centro de un debate candente. Las redes sociales se inundaron de comentarios, y los medios no tardaron en captar el inter\u00e9s del p\u00fablico, cuestionando la legitimidad de tales viajes en un clima donde la austeridad y el buen uso de los recursos p\u00fablicos son temas delicados.<\/p>\n<p>A medida que la controversia crec\u00eda, el protagonista de esta historia enfrent\u00f3 m\u00faltiples intervenciones en medios de comunicaci\u00f3n para aclarar su postura sobre la situaci\u00f3n. Con un enfoque que oscila entre la defensa de sus acciones y la necesidad de justificar el papel de su esposa en el evento, se destac\u00f3 la importancia de la transparencia en la pol\u00edtica actual.<\/p>\n<p>Este episodio invita a reflexionar sobre el turismo vinculado a la funci\u00f3n p\u00fablica. Mientras algunos abogan por un uso prudente de los recursos, otros argumentan que los viajes de estas \u00edndoles pueden tener un impacto positivo, promoviendo relaciones diplom\u00e1ticas y econ\u00f3micas. Sin embargo, el dilema radica en encontrar el balance entre la experiencia tur\u00edstica y la responsabilidad \u00e9tica, dos conceptos que raramente se encuentran en un punto intermedio claro.<\/p>\n<p>Dicha controversia tambi\u00e9n plantea un tema m\u00e1s amplio: el papel de las figuras p\u00fablicas en la promoci\u00f3n del turismo. Las narrativas de viajes se transforman en un reflejo de las sociedades que los generan. Cada destino tiene su propia historia que contar, una historia que puede ser empa\u00f1ada con situaciones de corrupci\u00f3n o desinter\u00e9s por el bienestar p\u00fablico.<\/p>\n<p>Para los viajeros, esta situaci\u00f3n es un recordatorio de que, detr\u00e1s de cada viaje, existe un entramado de decisiones que pueden repercutir enormemente en la percepci\u00f3n del mismo. Mientras planifican su pr\u00f3xima escapada, quiz\u00e1s valga la pena investigar no solo el destino, sino tambi\u00e9n el contexto que lo rodea.<\/p>\n<p>As\u00ed, el turismo se convierte en un espejo que refleja no solo la belleza de paisajes lejanos, sino tambi\u00e9n la complejidad de las relaciones humanas y pol\u00edticas. En un mundo en constante cambio, donde la transparencia se vuelve cada vez m\u00e1s necesaria, recordar que cada viaje cuenta una historia \u2014y que no todas son tan id\u00edlicas como parecen\u2014 podr\u00eda ser el primer paso para ser viajeros conscientes y responsables. <\/p>\n<p>En suma, mientras hay quienes disfrutan explorando nuevos destinos, otros se ven atrapados en el cruce entre turismo y pol\u00edtica, recordando a todos que el verdadero viaje comienza en el momento en que decidimos ser cr\u00edticos y reflexivos sobre el mundo que nos rodea.<\/p>\n<p><em> &#8221; Fuentes www.borderperiodismo.com &#8221; <\/em><\/p>\n","protected":false},"excerpt":{"rendered":"<p>Viajes, Pol\u00edtica y Controversia: Un V\u00ednculo Inesperado En el mundo del turismo, las historias de viajes suelen ir acompa\u00f1adas de descubrimientos culturales y paisajes sorprendentes. Sin embargo, en ocasiones, esos relatos se ven ensombrecidos por la controversia. Este es el caso reciente de un viaje que, aunque inicialmente parec\u00eda enmarcarse dentro de la normalidad, termin\u00f3 [&hellip;]<\/p>\n","protected":false},"author":4,"featured_media":1124792,"comment_status":"open","ping_status":"closed","sticky":false,"template":"","format":"standard","meta":{"om_disable_all_campaigns":false,"jnews-multi-image_gallery":[],"jnews_single_post":[],"jnews_primary_category":[],"jnews_social_meta":[],"footnotes":""},"categories":[39],"tags":[707,198458,138976,1159,5034,705,4872,2437,545],"class_list":["post-1124791","post","type-post","status-publish","format-standard","has-post-thumbnail","hentry","category-viajes","tag-actualidad","tag-adorni","tag-controversia","tag-defensa","tag-esposa","tag-noticias","tag-polemica","tag-punta-del-este","tag-viajes"],"_links":{"self":[{"href":"https:\/\/dimensionturistica.com\/es\/wp-json\/wp\/v2\/posts\/1124791","targetHints":{"allow":["GET"]}}],"collection":[{"href":"https:\/\/dimensionturistica.com\/es\/wp-json\/wp\/v2\/posts"}],"about":[{"href":"https:\/\/dimensionturistica.com\/es\/wp-json\/wp\/v2\/types\/post"}],"author":[{"embeddable":true,"href":"https:\/\/dimensionturistica.com\/es\/wp-json\/wp\/v2\/users\/4"}],"replies":[{"embeddable":true,"href":"https:\/\/dimensionturistica.com\/es\/wp-json\/wp\/v2\/comments?post=1124791"}],"version-history":[{"count":1,"href":"https:\/\/dimensionturistica.com\/es\/wp-json\/wp\/v2\/posts\/1124791\/revisions"}],"predecessor-version":[{"id":1124793,"href":"https:\/\/dimensionturistica.com\/es\/wp-json\/wp\/v2\/posts\/1124791\/revisions\/1124793"}],"wp:featuredmedia":[{"embeddable":true,"href":"https:\/\/dimensionturistica.com\/es\/wp-json\/wp\/v2\/media\/1124792"}],"wp:attachment":[{"href":"https:\/\/dimensionturistica.com\/es\/wp-json\/wp\/v2\/media?parent=1124791"}],"wp:term":[{"taxonomy":"category","embeddable":true,"href":"https:\/\/dimensionturistica.com\/es\/wp-json\/wp\/v2\/categories?post=1124791"},{"taxonomy":"post_tag","embeddable":true,"href":"https:\/\/dimensionturistica.com\/es\/wp-json\/wp\/v2\/tags?post=1124791"}],"curies":[{"name":"wp","href":"https:\/\/api.w.org\/{rel}","templated":true}]}}