{"id":1124755,"date":"2026-03-14T22:02:34","date_gmt":"2026-03-14T22:02:34","guid":{"rendered":"https:\/\/dimensionturistica.com\/es\/?p=1124755"},"modified":"2026-03-14T22:02:34","modified_gmt":"2026-03-14T22:02:34","slug":"descubre-5-estilos-de-unas-en-forma-de-almendra-para-lucir-en-primavera-2026-y-que-llevaran-tu-manicura-a-un-nuevo-nivel","status":"publish","type":"post","link":"https:\/\/dimensionturistica.com\/es\/descubre-5-estilos-de-unas-en-forma-de-almendra-para-lucir-en-primavera-2026-y-que-llevaran-tu-manicura-a-un-nuevo-nivel\/","title":{"rendered":"Descubre 5 estilos de u\u00f1as en forma de almendra para lucir en primavera 2026 (y que llevar\u00e1n tu manicura a un nuevo nivel)"},"content":{"rendered":"<h3>Dise\u00f1o de Unas Almendradas: Tendencia Primaveral 2026<\/h3>\n<p>La primavera de 2026 trae consigo una explosi\u00f3n de creatividad en el mundo de la manicura, destacando un dise\u00f1o que ha captado la atenci\u00f3n de los aficionados a la belleza: las u\u00f1as almendradas. Este estilo, que combina elegancia y modernidad, se presenta como la opci\u00f3n ideal para quienes desean a\u00f1adir un toque de sofisticaci\u00f3n a su look. A continuaci\u00f3n, exploraremos cinco sorprendentes tendencias en dise\u00f1o de u\u00f1as almendradas que no querr\u00e1s perderte esta temporada.<\/p>\n<h4>1. <strong>Efectos Met\u00e1licos<\/strong><\/h4>\n<p>Una de las tendencias m\u00e1s destacadas de este a\u00f1o es el uso de acabados met\u00e1licos. Las u\u00f1as almendradas se transforman en lienzos donde se aplican tonos dorados, plateados y cobrizos. El acabado brillante no solo capta la luz, sino que tambi\u00e9n a\u00f1ade un aire futurista a cualquier outfit. La clave est\u00e1 en mantener un equilibrio; el metal puede ser el protagonista, pero siempre respetando la elegancia del dise\u00f1o.<\/p>\n<h4>2. <strong>Dise\u00f1os Minimalistas<\/strong><\/h4>\n<p>El minimalismo sigue marcando pauta en la moda, y las u\u00f1as no son la excepci\u00f3n. Dise\u00f1os sencillos con l\u00edneas finas y patrones geom\u00e9tricos se han vuelto irresistibles. Optar por estos detalles sutiles en una base de color nude o blanco permite que las u\u00f1as almendradas destaquen sin sobrecargar el look. Esta tendencia es perfecta para quienes buscan un estilo m\u00e1s discreto pero a la vez sofisticado.<\/p>\n<h4>3. <strong>Colores Pastel<\/strong><\/h4>\n<p>Con la llegada de la primavera, los colores pastel hacen su regreso triunfal. Tonos suaves como el lavanda, menta y rosa palo se combinan en dise\u00f1os creativos para realzar la forma almendada de las u\u00f1as. Esta paleta no solo evoca frescura, sino que tambi\u00e9n aporta un aire rom\u00e1ntico a cualquier look. Realzar este efecto con decoraciones como peque\u00f1as flores o puntos puede ser el toque extra que necesitas.<\/p>\n<h4>4. <strong>Texturas Innovadoras<\/strong><\/h4>\n<p>La primavera de 2026 tambi\u00e9n se caracteriza por la incorporaci\u00f3n de texturas en los dise\u00f1os de u\u00f1as. Desde acabados mate hasta efectos de terciopelo y arena, las posibilidades son infinitas. Esta tendencia invita a experimentar con diferentes aplicaciones que no solo enriquecen la est\u00e9tica de las u\u00f1as, sino que tambi\u00e9n ofrecen una experiencia visual \u00fanica.<\/p>\n<h4>5. <strong>Arte Abstracto<\/strong><\/h4>\n<p>Por \u00faltimo, la tendencia del arte abstracto en las u\u00f1as se robustece con fuerza. Los dise\u00f1os que juegan con formas abstractas y colores contrastantes permiten a las personas expresar su creatividad y singularidad. Las u\u00f1as almendradas sirven como el soporte perfecto para estos dise\u00f1os atrevidos, convirti\u00e9ndose en verdaderas obras de arte que reflejan la personalidad de quien las lleva.<\/p>\n<h3>Conclusi\u00f3n<\/h3>\n<p>La temporada primaveral de 2026 se presenta como un campo f\u00e9rtil para la innovaci\u00f3n en el dise\u00f1o de u\u00f1as almendradas. Cada tendencia ofrece una oportunidad \u00fanica para que los amantes de la moda expresen su estilo personal. Ya sea a trav\u00e9s de met\u00e1licos audaces o de texturas intrigantes, la clave est\u00e1 en atreverse a experimentar. Mantenerse al tanto de estas tendencias promete no solo enriquecer el propio estilo, sino tambi\u00e9n inspirar a otros en esta m\u00e1gica estaci\u00f3n del a\u00f1o. <\/p>\n<p>Si a\u00fan no te has atrevido a probar alguna de estas novedades, \u00a1este es el momento perfecto para darle a tus u\u00f1as un giro fresco y vibrante!<\/p>\n<p><em> &#8221; Fuentes www.vogue.mx &#8221; <\/em><\/p>\n","protected":false},"excerpt":{"rendered":"<p>Dise\u00f1o de Unas Almendradas: Tendencia Primaveral 2026 La primavera de 2026 trae consigo una explosi\u00f3n de creatividad en el mundo de la manicura, destacando un dise\u00f1o que ha captado la atenci\u00f3n de los aficionados a la belleza: las u\u00f1as almendradas. Este estilo, que combina elegancia y modernidad, se presenta como la opci\u00f3n ideal para quienes [&hellip;]<\/p>\n","protected":false},"author":14,"featured_media":1124756,"comment_status":"open","ping_status":"closed","sticky":false,"template":"","format":"standard","meta":{"om_disable_all_campaigns":false,"jnews-multi-image_gallery":[],"jnews_single_post":[],"jnews_primary_category":[],"jnews_social_meta":[],"footnotes":""},"categories":[144872],"tags":[271315,200947,271317,271316,203572,218476,200951,239477,62350,12543,206826],"class_list":["post-1124755","post","type-post","status-publish","format-standard","has-post-thumbnail","hentry","category-fashion","tag-almendradas","tag-disenos-de-unas","tag-estetica-de-unas","tag-inspiracion-de-manicura","tag-manicura","tag-moda-de-unas","tag-nail-art","tag-primavera-2026","tag-tendencias-de-belleza","tag-unas","tag-unas-elegantes"],"_links":{"self":[{"href":"https:\/\/dimensionturistica.com\/es\/wp-json\/wp\/v2\/posts\/1124755","targetHints":{"allow":["GET"]}}],"collection":[{"href":"https:\/\/dimensionturistica.com\/es\/wp-json\/wp\/v2\/posts"}],"about":[{"href":"https:\/\/dimensionturistica.com\/es\/wp-json\/wp\/v2\/types\/post"}],"author":[{"embeddable":true,"href":"https:\/\/dimensionturistica.com\/es\/wp-json\/wp\/v2\/users\/14"}],"replies":[{"embeddable":true,"href":"https:\/\/dimensionturistica.com\/es\/wp-json\/wp\/v2\/comments?post=1124755"}],"version-history":[{"count":1,"href":"https:\/\/dimensionturistica.com\/es\/wp-json\/wp\/v2\/posts\/1124755\/revisions"}],"predecessor-version":[{"id":1124757,"href":"https:\/\/dimensionturistica.com\/es\/wp-json\/wp\/v2\/posts\/1124755\/revisions\/1124757"}],"wp:featuredmedia":[{"embeddable":true,"href":"https:\/\/dimensionturistica.com\/es\/wp-json\/wp\/v2\/media\/1124756"}],"wp:attachment":[{"href":"https:\/\/dimensionturistica.com\/es\/wp-json\/wp\/v2\/media?parent=1124755"}],"wp:term":[{"taxonomy":"category","embeddable":true,"href":"https:\/\/dimensionturistica.com\/es\/wp-json\/wp\/v2\/categories?post=1124755"},{"taxonomy":"post_tag","embeddable":true,"href":"https:\/\/dimensionturistica.com\/es\/wp-json\/wp\/v2\/tags?post=1124755"}],"curies":[{"name":"wp","href":"https:\/\/api.w.org\/{rel}","templated":true}]}}