{"id":1124622,"date":"2026-03-14T16:51:39","date_gmt":"2026-03-14T16:51:39","guid":{"rendered":"https:\/\/dimensionturistica.com\/es\/?p=1124622"},"modified":"2026-03-14T16:51:39","modified_gmt":"2026-03-14T16:51:39","slug":"es-un-hecho-las-sandalias-bajas-desplazan-a-las-de-plataforma-para-la-primavera-de-2026","status":"publish","type":"post","link":"https:\/\/dimensionturistica.com\/es\/es-un-hecho-las-sandalias-bajas-desplazan-a-las-de-plataforma-para-la-primavera-de-2026\/","title":{"rendered":"Es un hecho: Las sandalias bajas desplazan a las de plataforma para la primavera de 2026."},"content":{"rendered":"<h3>La Revoluci\u00f3n de las Sandalias Planas: Elegancia y Comodidad para la Primavera 2026<\/h3>\n<p>La moda es un ciclo interminable de tendencias que se reinventan cada temporada, y la primavera de 2026 no es la excepci\u00f3n. En esta ocasi\u00f3n, las sandalias planas irrumpen con fuerza, convirti\u00e9ndose en el calzado preferido de los fashionistas, desplazando a las tradicionales sandalias de plataforma que dominaron en a\u00f1os anteriores. <\/p>\n<h4>Un Viento Fresco en el Armario<\/h4>\n<p>La llegada de las sandalias planas no solo marca un cambio en el dise\u00f1o, sino que tambi\u00e9n refleja una transformaci\u00f3n en la forma en que concebimos la moda. La comodidad est\u00e1 en el coraz\u00f3n de esta tendencia, permitiendo a los usuarios caminar largas distancias sin sacrificar el estilo. Se han convertido en un s\u00edmbolo de versatilidad, adapt\u00e1ndose a cualquier conjunto, ya sea casual o de una ocasi\u00f3n especial.<\/p>\n<h4>Materiales Innovadores y Dise\u00f1os Vanguardistas<\/h4>\n<p>La primavera de 2026 promete una variedad de estilos, desde los m\u00e1s minimalistas hasta los m\u00e1s elaborados, todos ellos confeccionados con materiales innovadores que priorizan la durabilidad y el confort. La incorporaci\u00f3n de suelas flexibles y acolchadas ha elevado la experiencia de uso, haciendo que cada paso sea un placer, incluso durante largas jornadas.<\/p>\n<p>Estilistas destacados est\u00e1n explorando nuevas texturas y colores vibrantes, creando modelos que no solo son funcionales, sino que tambi\u00e9n capturan la esencia del esp\u00edritu primaveral. Desde tonos ne\u00f3n hasta estampados florales, cada par cuenta una historia que complementa la est\u00e9tica contempor\u00e1nea.<\/p>\n<h4>Versatilidad: Un Calzado para Cada Ocasi\u00f3n<\/h4>\n<p>Las sandalias planas destacan por su capacidad para adaptarse a diversas situaciones. Pueden ser el toque final perfecto para un vestido bohemio en una tarde de picnic, o dar un aire despreocupado a un conjunto formal en una reuni\u00f3n de trabajo. Este calzado demuestra que la moda puede ser din\u00e1mica y asequible, sin renunciar al estilo.<\/p>\n<p>Las redes sociales reflejan esta tendencia en crecimiento, donde influencers y celebridades comparten sus looks con sandalias planas, inspirando a miles de seguidores a adoptar esta opci\u00f3n chic y c\u00f3moda. Con la llegada de la primavera, es com\u00fan ver c\u00f3mo este calzado se convierte en el protagonista de los feeds, animando a otros a experimentar con sus propios estilos.<\/p>\n<h4>Conclusi\u00f3n<\/h4>\n<p>La primavera de 2026 trae consigo un renovado enfoque en la moda, donde las sandalias planas mandan en la escena. Este calzado est\u00e1 destinado a ser m\u00e1s que una simple tendencia pasajera; se posiciona como una pieza clave en el armario moderno, motivando a la nueva generaci\u00f3n a priorizar el confort sin sacrificar la elegancia. Con la versatilidad y diversidad de estilos disponibles, no cabe duda de que estas sandalias son la opci\u00f3n ideal para dar la bienvenida a una temporada llena de sol y creatividad.<\/p>\n<p><em> &#8221; Fuentes www.vogue.mx &#8221; <\/em><\/p>\n","protected":false},"excerpt":{"rendered":"<p>La Revoluci\u00f3n de las Sandalias Planas: Elegancia y Comodidad para la Primavera 2026 La moda es un ciclo interminable de tendencias que se reinventan cada temporada, y la primavera de 2026 no es la excepci\u00f3n. En esta ocasi\u00f3n, las sandalias planas irrumpen con fuerza, convirti\u00e9ndose en el calzado preferido de los fashionistas, desplazando a las [&hellip;]<\/p>\n","protected":false},"author":14,"featured_media":1124624,"comment_status":"open","ping_status":"closed","sticky":false,"template":"","format":"standard","meta":{"om_disable_all_campaigns":false,"jnews-multi-image_gallery":[],"jnews_single_post":[],"jnews_primary_category":[],"jnews_social_meta":[],"footnotes":""},"categories":[144872],"tags":[40458,214861,251624,239477,230504,58181,202413,209606,22873],"class_list":["post-1124622","post","type-post","status-publish","format-standard","has-post-thumbnail","hentry","category-fashion","tag-calzado","tag-estilo-de-primavera","tag-moda-2026","tag-primavera-2026","tag-primavera-verano-2026","tag-sandalias","tag-sandalias-de-plataforma","tag-sandalias-planas","tag-tendencias-de-moda"],"_links":{"self":[{"href":"https:\/\/dimensionturistica.com\/es\/wp-json\/wp\/v2\/posts\/1124622","targetHints":{"allow":["GET"]}}],"collection":[{"href":"https:\/\/dimensionturistica.com\/es\/wp-json\/wp\/v2\/posts"}],"about":[{"href":"https:\/\/dimensionturistica.com\/es\/wp-json\/wp\/v2\/types\/post"}],"author":[{"embeddable":true,"href":"https:\/\/dimensionturistica.com\/es\/wp-json\/wp\/v2\/users\/14"}],"replies":[{"embeddable":true,"href":"https:\/\/dimensionturistica.com\/es\/wp-json\/wp\/v2\/comments?post=1124622"}],"version-history":[{"count":1,"href":"https:\/\/dimensionturistica.com\/es\/wp-json\/wp\/v2\/posts\/1124622\/revisions"}],"predecessor-version":[{"id":1124626,"href":"https:\/\/dimensionturistica.com\/es\/wp-json\/wp\/v2\/posts\/1124622\/revisions\/1124626"}],"wp:featuredmedia":[{"embeddable":true,"href":"https:\/\/dimensionturistica.com\/es\/wp-json\/wp\/v2\/media\/1124624"}],"wp:attachment":[{"href":"https:\/\/dimensionturistica.com\/es\/wp-json\/wp\/v2\/media?parent=1124622"}],"wp:term":[{"taxonomy":"category","embeddable":true,"href":"https:\/\/dimensionturistica.com\/es\/wp-json\/wp\/v2\/categories?post=1124622"},{"taxonomy":"post_tag","embeddable":true,"href":"https:\/\/dimensionturistica.com\/es\/wp-json\/wp\/v2\/tags?post=1124622"}],"curies":[{"name":"wp","href":"https:\/\/api.w.org\/{rel}","templated":true}]}}