{"id":1124531,"date":"2026-03-14T13:29:53","date_gmt":"2026-03-14T13:29:53","guid":{"rendered":"https:\/\/dimensionturistica.com\/es\/?p=1124531"},"modified":"2026-03-14T13:29:53","modified_gmt":"2026-03-14T13:29:53","slug":"reune-gala-vallarta-2026-encuentro-de-mas-de-750-lideres-del-sector-turistico-internacional","status":"publish","type":"post","link":"https:\/\/dimensionturistica.com\/es\/reune-gala-vallarta-2026-encuentro-de-mas-de-750-lideres-del-sector-turistico-internacional\/","title":{"rendered":"Re\u00fane Gala Vallarta 2026: Encuentro de m\u00e1s de 750 l\u00edderes del sector tur\u00edstico internacional"},"content":{"rendered":"<h3>Puerto Vallarta: El Epicentro de la Innovaci\u00f3n Tur\u00edstica<\/h3>\n<p>Puerto Vallarta, un destino conocido por su belleza natural y su vibrante cultura, se prepara para convertirse en el punto de encuentro de las mentes m\u00e1s brillantes de la industria tur\u00edstica global. En un evento que promete ser trascendental, m\u00e1s de 750 l\u00edderes y profesionales del sector se dar\u00e1n cita en esta maravillosa ciudad en el 2026, marcando un hito en la forma en que se conceptualiza y se vive el turismo.<\/p>\n<p>Este encuentro no solo servir\u00e1 como un espacio para la reflexi\u00f3n sobre las tendencias actuales, sino que ser\u00e1 un verdadero laboratorio de ideas donde se explorar\u00e1n nuevas formas de abordar los desaf\u00edos que enfrenta el turismo en la actualidad. Desde la sostenibilidad hasta la digitalizaci\u00f3n, cada panel de discusi\u00f3n ser\u00e1 una oportunidad para que los asistentes compartan conocimientos y estrategias innovadoras que podr\u00edan redefinir el futuro de los viajes.<\/p>\n<p>Uno de los temas centrales que se espera discutir es c\u00f3mo la industria puede adaptarse a un mundo cada vez m\u00e1s enfocado en el medio ambiente. La pandemia de COVID-19 ha cambiado nuestra forma de viajar y ha resaltado la necesidad de un enfoque m\u00e1s sostenible. Los especialistas invitar\u00e1n a reflexionar sobre c\u00f3mo las comunidades locales pueden beneficiarse del turismo sin comprometer sus recursos naturales, creando un equilibrio entre el crecimiento econ\u00f3mico y la preservaci\u00f3n ambiental.<\/p>\n<p>Los asistentes tambi\u00e9n podr\u00e1n disfrutar de una experiencia cultural \u00fanica. Puerto Vallarta, con su rica historia y su conocida hospitalidad, ofrece una diversidad de actividades para todos los gustos. Desde sus paradis\u00edacas playas hasta su vibrante vida nocturna, el destino estar\u00e1 en plena exhibici\u00f3n durante el evento. Los visitantes tendr\u00e1n la oportunidad de disfrutar de la gastronom\u00eda local, con platillos que reflejan la fusi\u00f3n de tradiciones que caracterizan a esta joya del Pac\u00edfico mexicano.<\/p>\n<p>Adem\u00e1s, se espera que este evento atraiga atenci\u00f3n a otros sectores como el arte y la m\u00fasica, destacando la importancia de la cultura en la experiencia tur\u00edstica. Exhibiciones locales, talleres y presentaciones art\u00edsticas ser\u00e1n parte del programa, enriqueciendo a\u00fan m\u00e1s la experiencia de los participantes.<\/p>\n<p>La elecci\u00f3n de Puerto Vallarta como sede de este evento no es casualidad. La ciudad ha demostrado su capacidad para adaptarse y reinventarse, as\u00ed como su compromiso con el turismo responsable. Al organizar un encuentro de tal magnitud, se reafirma la posici\u00f3n de Puerto Vallarta como un destino de referencia a nivel mundial, capaz de atraer no solo turistas, sino tambi\u00e9n el inter\u00e9s de quienes construyen la industria.<\/p>\n<p>A medida que se acerca la fecha del evento, se espera que la comunidad local y actores del turismo se unan para crear un espacio que no solo promueva el intercambio de ideas, sino que tambi\u00e9n deje un legado positivo en la regi\u00f3n. El esp\u00edritu colaborativo que se fomentar\u00e1 durante estos d\u00edas podr\u00eda abrir nuevas oportunidades para la innovaci\u00f3n y el crecimiento en el sector tur\u00edstico, no solo en M\u00e9xico, sino en todo el mundo.<\/p>\n<p>En resumen, el encuentro de 2026 augura ser m\u00e1s que una conferencia; ser\u00e1 una celebraci\u00f3n de la resiliencia del turismo, un llamado a la acci\u00f3n para la sostenibilidad y un homenaje a la hospitalidad mexicana. As\u00ed que, si buscas un destino donde la innovaci\u00f3n y la tradici\u00f3n convergen, Puerto Vallarta te espera con los brazos abiertos. \u00a1No te lo pierdas!<\/p>\n<p><em> &#8221; Sources elrespetable.com &#8221; <\/em><\/p>\n","protected":false},"excerpt":{"rendered":"<p>Puerto Vallarta: El Epicentro de la Innovaci\u00f3n Tur\u00edstica Puerto Vallarta, un destino conocido por su belleza natural y su vibrante cultura, se prepara para convertirse en el punto de encuentro de las mentes m\u00e1s brillantes de la industria tur\u00edstica global. En un evento que promete ser trascendental, m\u00e1s de 750 l\u00edderes y profesionales del sector [&hellip;]<\/p>\n","protected":false},"author":4,"featured_media":1124532,"comment_status":"open","ping_status":"closed","sticky":false,"template":"","format":"standard","meta":{"om_disable_all_campaigns":false,"jnews-multi-image_gallery":[],"jnews_single_post":[],"jnews_primary_category":[],"jnews_social_meta":[],"footnotes":""},"categories":[40],"tags":[55723,724,25759,1419,604,11019,82288,544,2904,545],"class_list":["post-1124531","post","type-post","status-publish","format-standard","has-post-thumbnail","hentry","category-industria","tag-55723","tag-eventos","tag-gala","tag-global","tag-industria","tag-lideres","tag-networking","tag-turismo","tag-vallarta","tag-viajes"],"_links":{"self":[{"href":"https:\/\/dimensionturistica.com\/es\/wp-json\/wp\/v2\/posts\/1124531","targetHints":{"allow":["GET"]}}],"collection":[{"href":"https:\/\/dimensionturistica.com\/es\/wp-json\/wp\/v2\/posts"}],"about":[{"href":"https:\/\/dimensionturistica.com\/es\/wp-json\/wp\/v2\/types\/post"}],"author":[{"embeddable":true,"href":"https:\/\/dimensionturistica.com\/es\/wp-json\/wp\/v2\/users\/4"}],"replies":[{"embeddable":true,"href":"https:\/\/dimensionturistica.com\/es\/wp-json\/wp\/v2\/comments?post=1124531"}],"version-history":[{"count":1,"href":"https:\/\/dimensionturistica.com\/es\/wp-json\/wp\/v2\/posts\/1124531\/revisions"}],"predecessor-version":[{"id":1124533,"href":"https:\/\/dimensionturistica.com\/es\/wp-json\/wp\/v2\/posts\/1124531\/revisions\/1124533"}],"wp:featuredmedia":[{"embeddable":true,"href":"https:\/\/dimensionturistica.com\/es\/wp-json\/wp\/v2\/media\/1124532"}],"wp:attachment":[{"href":"https:\/\/dimensionturistica.com\/es\/wp-json\/wp\/v2\/media?parent=1124531"}],"wp:term":[{"taxonomy":"category","embeddable":true,"href":"https:\/\/dimensionturistica.com\/es\/wp-json\/wp\/v2\/categories?post=1124531"},{"taxonomy":"post_tag","embeddable":true,"href":"https:\/\/dimensionturistica.com\/es\/wp-json\/wp\/v2\/tags?post=1124531"}],"curies":[{"name":"wp","href":"https:\/\/api.w.org\/{rel}","templated":true}]}}