{"id":1124459,"date":"2026-03-14T08:15:53","date_gmt":"2026-03-14T08:15:53","guid":{"rendered":"https:\/\/dimensionturistica.com\/es\/?p=1124459"},"modified":"2026-03-14T08:15:53","modified_gmt":"2026-03-14T08:15:53","slug":"los-4-estilos-de-corte-bob-que-debes-lucir-esta-primavera-2026-antes-de-quedar-obsoleto-incluyendo-el-favorito-de-danna","status":"publish","type":"post","link":"https:\/\/dimensionturistica.com\/es\/los-4-estilos-de-corte-bob-que-debes-lucir-esta-primavera-2026-antes-de-quedar-obsoleto-incluyendo-el-favorito-de-danna\/","title":{"rendered":"Los 4 Estilos de Corte Bob que Debes Lucir Esta Primavera 2026 Antes de Quedar Obsoleto, Incluyendo el Favorito de Danna"},"content":{"rendered":"<h2>Tendencias de Cortes Bob para una Primavera Impactante<\/h2>\n<p>La llegada de la primavera trae consigo un aire fresco y renovador, y nada mejor que un corte de cabello para celebrar esta transformaci\u00f3n. Entre las opciones m\u00e1s destacadas, el corte bob se presenta como una elecci\u00f3n vers\u00e1til y estilosa que no pasa desapercibida. A continuaci\u00f3n, exploramos cuatro cortes de bob que son esenciales para brillar esta temporada.<\/p>\n<h3>1. Bob Cl\u00e1sico<\/h3>\n<p>El bob cl\u00e1sico es un eterno favorito. Este corte, que se caracteriza por sus l\u00edneas limpias y su longitud que abarca desde la mand\u00edbula hasta los hombros, es ideal para quienes buscan un look elegante y atemporal. Se puede lucir liso y pulido para una apariencia sofisticada o con ondas suaves para un toque m\u00e1s desenfadado. <\/p>\n<h3>2. Bob Desfilado<\/h3>\n<p>Si la textura y el movimiento son tu prioridad, el bob desfilado es la opci\u00f3n perfecta. Este estilo se compone de capas sutiles que a\u00f1aden dimensi\u00f3n y volumen al cabello, creando un efecto ligero que resalta la naturalidad del peinado. Ideal para quienes tienen un cabello m\u00e1s fino, este bob se adapta a diferentes formas de rostro, destacando la belleza de cada persona.<\/p>\n<h3>3. Bob Asim\u00e9trico<\/h3>\n<p>El bob asim\u00e9trico es para las m\u00e1s atrevidas. Este corte, que se caracteriza por su longitud desigual, permite jugar con diferentes estilos, desde un acabado muy corto en la parte trasera hasta una melena m\u00e1s larga al frente. Este contraste no solo aporta un toque moderno, sino que tambi\u00e9n permite experimentar con colores y mechas que realzan la frescura del look primaveral.<\/p>\n<h3>4. Bob Texturizado<\/h3>\n<p>Para quienes buscan un estilo m\u00e1s bohemio, el bob texturizado se presenta como una opci\u00f3n fabulosa. Este corte se logra mediante t\u00e9cnicas que aportan una apariencia desordenada y desenfadada, perfecta para quienes prefieren un look natural. Con la adici\u00f3n de productos de styling, se puede conseguir desde un efecto surfero hasta un acabado m\u00e1s pulido.<\/p>\n<h3>Tips para Inspirarte<\/h3>\n<p>Para complementar cualquiera de estos cortes, se sugiere considerar la personalizaci\u00f3n con colores de tendencia. Tonalidades como los rubios c\u00e1lidos, casta\u00f1os g\u00e9lidos o incluso los colores fantas\u00eda pueden hacer que el corte resalte a\u00fan m\u00e1s y se vuelva un verdadero statement. Adem\u00e1s, no olvides la importancia de un buen cuidado del cabello; tratamientos hidratantes y cortes regulares son fundamentales para mantener la salud y el brillo.<\/p>\n<h3>Conclusi\u00f3n<\/h3>\n<p>La primavera 2026 promete ser el escenario perfecto para experimentar con cortes bob que realcen la individualidad. Cada estilo ofrece una forma \u00fanica de expresi\u00f3n, ligereza y modernidad, convirtiendo un simple cambio de look en una declaraci\u00f3n de intenciones. \u00a1Es hora de atreverse a experimentar y encontrar el bob que resalte tu esencia!<\/p>\n<p><em> &#8221; Fuentes www.vogue.mx &#8221; <\/em><\/p>\n","protected":false},"excerpt":{"rendered":"<p>Tendencias de Cortes Bob para una Primavera Impactante La llegada de la primavera trae consigo un aire fresco y renovador, y nada mejor que un corte de cabello para celebrar esta transformaci\u00f3n. Entre las opciones m\u00e1s destacadas, el corte bob se presenta como una elecci\u00f3n vers\u00e1til y estilosa que no pasa desapercibida. A continuaci\u00f3n, exploramos [&hellip;]<\/p>\n","protected":false},"author":14,"featured_media":1124460,"comment_status":"open","ping_status":"closed","sticky":false,"template":"","format":"standard","meta":{"om_disable_all_campaigns":false,"jnews-multi-image_gallery":[],"jnews_single_post":[],"jnews_primary_category":[],"jnews_social_meta":[],"footnotes":""},"categories":[144872],"tags":[3381,208025,271245,200508,271244,212882,232830,271246,659,271243],"class_list":["post-1124459","post","type-post","status-publish","format-standard","has-post-thumbnail","hentry","category-fashion","tag-belleza","tag-bob","tag-cabello-primavera","tag-cortes-de-cabello","tag-cortes-de-cabello-cortos","tag-danna","tag-estilos-de-peinado","tag-looks-frescos","tag-moda","tag-tendencias-primavera-2026"],"_links":{"self":[{"href":"https:\/\/dimensionturistica.com\/es\/wp-json\/wp\/v2\/posts\/1124459","targetHints":{"allow":["GET"]}}],"collection":[{"href":"https:\/\/dimensionturistica.com\/es\/wp-json\/wp\/v2\/posts"}],"about":[{"href":"https:\/\/dimensionturistica.com\/es\/wp-json\/wp\/v2\/types\/post"}],"author":[{"embeddable":true,"href":"https:\/\/dimensionturistica.com\/es\/wp-json\/wp\/v2\/users\/14"}],"replies":[{"embeddable":true,"href":"https:\/\/dimensionturistica.com\/es\/wp-json\/wp\/v2\/comments?post=1124459"}],"version-history":[{"count":1,"href":"https:\/\/dimensionturistica.com\/es\/wp-json\/wp\/v2\/posts\/1124459\/revisions"}],"predecessor-version":[{"id":1124461,"href":"https:\/\/dimensionturistica.com\/es\/wp-json\/wp\/v2\/posts\/1124459\/revisions\/1124461"}],"wp:featuredmedia":[{"embeddable":true,"href":"https:\/\/dimensionturistica.com\/es\/wp-json\/wp\/v2\/media\/1124460"}],"wp:attachment":[{"href":"https:\/\/dimensionturistica.com\/es\/wp-json\/wp\/v2\/media?parent=1124459"}],"wp:term":[{"taxonomy":"category","embeddable":true,"href":"https:\/\/dimensionturistica.com\/es\/wp-json\/wp\/v2\/categories?post=1124459"},{"taxonomy":"post_tag","embeddable":true,"href":"https:\/\/dimensionturistica.com\/es\/wp-json\/wp\/v2\/tags?post=1124459"}],"curies":[{"name":"wp","href":"https:\/\/api.w.org\/{rel}","templated":true}]}}