{"id":1124437,"date":"2026-03-14T06:32:44","date_gmt":"2026-03-14T06:32:44","guid":{"rendered":"https:\/\/dimensionturistica.com\/es\/?p=1124437"},"modified":"2026-03-14T06:32:44","modified_gmt":"2026-03-14T06:32:44","slug":"los-elegidos-de-la-temporada-otono-2026-lo-mas-destacado","status":"publish","type":"post","link":"https:\/\/dimensionturistica.com\/es\/los-elegidos-de-la-temporada-otono-2026-lo-mas-destacado\/","title":{"rendered":"Los Elegidos de la Temporada Oto\u00f1o 2026: Lo M\u00e1s Destacado"},"content":{"rendered":"<h3>La Temporada Oto\u00f1o\/Invierno 2026: Lo Imperdible en Moda<\/h3>\n<p>El mundo de la moda se prepara para deslumbrar con las propuestas de la temporada oto\u00f1o-invierno 2026. Este a\u00f1o, las pasarelas no solo ofrecen tendencias, sino que tambi\u00e9n cuentan historias a trav\u00e9s de innovaciones textiles, paletas de colores audaces y siluetas que rompen con lo convencional. A continuaci\u00f3n, exploramos los aspectos m\u00e1s destacados que marcar\u00e1n la pauta en el armario de cada amante de la moda.<\/p>\n<h4>1. <strong>Explosi\u00f3n de Colores<\/strong><\/h4>\n<p>Los tonos vibrantes asumen un papel protag\u00f3nico en esta temporada. Desde los c\u00e1lidos ocres hasta los fr\u00edos azules el\u00e9ctricos, cada dise\u00f1ador ha hecho su interpretaci\u00f3n personal del color, generando un mosaico visual que es imposible de ignorar. Los conjuntos monocrom\u00e1ticos se combinan con toques de color vibrante, convirtiendo a cada atuendo en una obra de arte.<\/p>\n<h4>2. <strong>Textiles Innovadores<\/strong><\/h4>\n<p>La llegada del oto\u00f1o trae consigo no solo cambios en el clima, sino tambi\u00e9n en la elecci\u00f3n de textiles. Materiales t\u00e9cnicos y sostenibles aparecen en las colecciones, ofreciendo tanto funcionalidad como estilo. Las prendas con acabados brillantes contrastan con tejidos suaves y naturales, creando una experiencia sensorial \u00fanica. Esta fusi\u00f3n no solo busca la est\u00e9tica, sino que tambi\u00e9n responde a una demanda creciente por moda consciente y responsable.<\/p>\n<h4>3. <strong>Silhouette Redefinidas<\/strong><\/h4>\n<p>Las siluetas se vuelven m\u00e1s audaces. Vol\u00famenes extremos y formas inesperadas desaf\u00edan la normatividad, llevando el concepto de la moda a nuevas dimensiones. Los abrigos oversize y las chaquetas estructuradas dominan las pasarelas, mientras que las prendas ce\u00f1idas y los cortes asim\u00e9tricos se combinan para ofrecer un equilibrio perfecto entre lo cl\u00e1sico y lo contempor\u00e1neo. <\/p>\n<h4>4. <strong>Detalles Artesanales<\/strong><\/h4>\n<p>Un regreso a lo artesanal es evidente en cada colecci\u00f3n. Los bordados y las aplicaciones manuales son el coraz\u00f3n de muchas prendas, haciendo hincapi\u00e9 en la destreza y el trabajo que hay detr\u00e1s de cada dise\u00f1o. Las casas de moda est\u00e1n echando mano de t\u00e9cnicas tradicionales para embellish sus piezas, fusionando lo antiguo con lo moderno de una forma que cautiva a todos.<\/p>\n<h4>5. <strong>Accesorios Impactantes<\/strong><\/h4>\n<p>Los accesorios se posicionan como elementos clave para elevar cualquier atuendo. Bolsos estructurados, botas de dise\u00f1o atrevido y joyas geom\u00e9tricas son solo algunas de las piezas que atraen todas las miradas. Esta temporada, la atenci\u00f3n al detalle se convierte en el lema, con accesorios que prometen agregar ese toque final indispensable.<\/p>\n<h4>6. <strong>Sostenibilidad en el Centro del Escenario<\/strong><\/h4>\n<p>La moda sostenible no es una tendencia pasajera, sino un pilar fundamental en esta temporada. Los dise\u00f1adores se han comprometido a utilizar pr\u00e1cticas m\u00e1s responsables, desde la elecci\u00f3n de materiales reciclados hasta la producci\u00f3n \u00e9tica. Cada vez m\u00e1s marcas dan un paso al frente, mostrando que es posible ser fashionable sin comprometer el futuro del planeta.<\/p>\n<p>La temporada oto\u00f1o-invierno 2026 aborda la intersecci\u00f3n entre la creatividad y la responsabilidad, ofreciendo un panorama que seduce a los fashionistas globales. La moda, en su expresi\u00f3n m\u00e1s pura, se manifiesta como un lenguaje visual poderoso, listo para influir y dejar huella en cada rinc\u00f3n del mundo.<\/p>\n<p>Mantente atento a la evoluci\u00f3n de estas tendencias y prep\u00e1rate para un invierno donde la est\u00e9tica se encuentra con la \u00e9tica, y donde cada pieza cuenta una historia.<\/p>\n<p><em> &#8221; Fuentes www.vogue.com &#8221; <\/em><\/p>\n","protected":false},"excerpt":{"rendered":"<p>La Temporada Oto\u00f1o\/Invierno 2026: Lo Imperdible en Moda El mundo de la moda se prepara para deslumbrar con las propuestas de la temporada oto\u00f1o-invierno 2026. Este a\u00f1o, las pasarelas no solo ofrecen tendencias, sino que tambi\u00e9n cuentan historias a trav\u00e9s de innovaciones textiles, paletas de colores audaces y siluetas que rompen con lo convencional. A [&hellip;]<\/p>\n","protected":false},"author":14,"featured_media":1124438,"comment_status":"open","ping_status":"closed","sticky":false,"template":"","format":"standard","meta":{"om_disable_all_campaigns":false,"jnews-multi-image_gallery":[],"jnews_single_post":[],"jnews_primary_category":[],"jnews_social_meta":[],"footnotes":""},"categories":[144872],"tags":[116944,253544,166,127523,88749,94447,198516,217332,372,198500,50356,373],"class_list":["post-1124437","post","type-post","status-publish","format-standard","has-post-thumbnail","hentry","category-fashion","tag-editors-picks","tag-fall-2026","tag-fashion","tag-fashion-industry","tag-highlights","tag-runway","tag-seasonal-trends","tag-storytypelist","tag-style","tag-textabovecenterfullbleed","tag-vogue","tag-web"],"_links":{"self":[{"href":"https:\/\/dimensionturistica.com\/es\/wp-json\/wp\/v2\/posts\/1124437","targetHints":{"allow":["GET"]}}],"collection":[{"href":"https:\/\/dimensionturistica.com\/es\/wp-json\/wp\/v2\/posts"}],"about":[{"href":"https:\/\/dimensionturistica.com\/es\/wp-json\/wp\/v2\/types\/post"}],"author":[{"embeddable":true,"href":"https:\/\/dimensionturistica.com\/es\/wp-json\/wp\/v2\/users\/14"}],"replies":[{"embeddable":true,"href":"https:\/\/dimensionturistica.com\/es\/wp-json\/wp\/v2\/comments?post=1124437"}],"version-history":[{"count":1,"href":"https:\/\/dimensionturistica.com\/es\/wp-json\/wp\/v2\/posts\/1124437\/revisions"}],"predecessor-version":[{"id":1124439,"href":"https:\/\/dimensionturistica.com\/es\/wp-json\/wp\/v2\/posts\/1124437\/revisions\/1124439"}],"wp:featuredmedia":[{"embeddable":true,"href":"https:\/\/dimensionturistica.com\/es\/wp-json\/wp\/v2\/media\/1124438"}],"wp:attachment":[{"href":"https:\/\/dimensionturistica.com\/es\/wp-json\/wp\/v2\/media?parent=1124437"}],"wp:term":[{"taxonomy":"category","embeddable":true,"href":"https:\/\/dimensionturistica.com\/es\/wp-json\/wp\/v2\/categories?post=1124437"},{"taxonomy":"post_tag","embeddable":true,"href":"https:\/\/dimensionturistica.com\/es\/wp-json\/wp\/v2\/tags?post=1124437"}],"curies":[{"name":"wp","href":"https:\/\/api.w.org\/{rel}","templated":true}]}}