{"id":1124420,"date":"2026-03-14T05:24:39","date_gmt":"2026-03-14T05:24:39","guid":{"rendered":"https:\/\/dimensionturistica.com\/es\/?p=1124420"},"modified":"2026-03-14T05:24:39","modified_gmt":"2026-03-14T05:24:39","slug":"fortalecimiento-de-la-proteccion-para-los-viajeros-de-paquetes-turisticos","status":"publish","type":"post","link":"https:\/\/dimensionturistica.com\/es\/fortalecimiento-de-la-proteccion-para-los-viajeros-de-paquetes-turisticos\/","title":{"rendered":"Fortalecimiento de la Protecci\u00f3n para los Viajeros de Paquetes Tur\u00edsticos"},"content":{"rendered":"<h3>Nueva Era en la Protecci\u00f3n de Viajeros: Un Avance Hacia la Seguridad Tur\u00edstica<\/h3>\n<p>El panorama tur\u00edstico europeo est\u00e1 en constante evoluci\u00f3n, y en este sentido, la reciente decisi\u00f3n de la Euroc\u00e1mara de reforzar la protecci\u00f3n de los viajeros marca un hito significativo. Con la intenci\u00f3n de ofrecer un marco m\u00e1s s\u00f3lido y seguro a todos aquellos que deciden explorar el viejo continente, se implementar\u00e1n nuevas normativas que llegar\u00e1n a transformar la experiencia de viajar.<\/p>\n<h4>\u00bfQu\u00e9 implica esta nueva legislaci\u00f3n?<\/h4>\n<p>La Euroc\u00e1mara ha optado por aglutinar diferentes aspectos que son esenciales para la protecci\u00f3n del viajero. Entre los cambios propuestos, destaca la mejora en la regulaci\u00f3n de los paquetes tur\u00edsticos. Esto significa que aquellos que optan por contratar un viaje que incluye m\u00faltiples servicios \u2014como vuelos, alojamiento y actividades\u2014 contar\u00e1n con mayores garant\u00edas en caso de que surjan inconvenientes, como la cancelaci\u00f3n del tour o el cierre de un hotel por causas imprevistas.<\/p>\n<p>Adem\u00e1s, se busca asegurar pr\u00e1cticas m\u00e1s transparentes en la oferta de viajes, lo que permitir\u00e1 a los viajeros tomar decisiones m\u00e1s informadas y a la vez, sentirse m\u00e1s protegidos ante posibles imprevistos. Esta iniciativa responde a un creciente pedido por parte de los consumidores, quienes demandan derechos m\u00e1s robustos y una mayor tranquilidad al planificar sus aventuras.<\/p>\n<h4>Beneficios para el viajero<\/h4>\n<p>Uno de los aspectos m\u00e1s destacados de esta nueva legislaci\u00f3n es la inclusi\u00f3n de un sistema de indemnizaci\u00f3n m\u00e1s \u00e1gil para los viajeros. En situaciones en las que se produzcan alteraciones en los planes de viaje, los turistas tendr\u00e1n la posibilidad de recibir compensaciones de manera m\u00e1s r\u00e1pida y eficaz. Este enfoque no solo promueve la confianza en la industria tur\u00edstica, sino que tambi\u00e9n propicia un entorno donde los viajeros se sienten respaldados, lo que a su vez puede impulsar un incremento en el turismo.<\/p>\n<h4>Un impulso hacia el turismo sostenible<\/h4>\n<p>A medida que las normativas buscan proteger a los viajeros, tambi\u00e9n se abre una ventana para impulsar el turismo sostenible. La Euroc\u00e1mara ha resaltado la importancia de adoptar pr\u00e1cticas que no solo beneficien a los consumidores, sino tambi\u00e9n al medio ambiente y las comunidades locales. La combinaci\u00f3n de un turismo responsable y una regulaci\u00f3n efectiva puede contribuir a una experiencia m\u00e1s enriquecedora tanto para los visitantes como para los destinos que eligen explorar.<\/p>\n<h4>Perspectivas de futuro<\/h4>\n<p>Con esta nueva legislaci\u00f3n, Europa se posiciona como un l\u00edder en la protecci\u00f3n de los derechos de los viajeros, marcando un precedente que podr\u00eda inspirar a otras regiones del mundo. Esto no solo eleva la calidad del turismo en el continente, sino que tambi\u00e9n promueve la idea de que viajar debe ser una experiencia placentera y segura.<\/p>\n<p>Los viajeros de hoy buscan m\u00e1s que lugares bellos; anhelan experiencias que les ofrezcan seguridad y confianza. Con estas nuevas medidas en marcha, el viejo continente se prepara para recibir a aventureros de todas partes del mundo, ofreciendo no solo paisajes impresionantes y cultura rica, sino tambi\u00e9n la certeza de que su bienestar es una prioridad.<\/p>\n<p>En definitiva, con cada paso hacia la mejora de la protecci\u00f3n del viajero, el sector tur\u00edstico europeo da un firme paso hacia un futuro donde viajar ser\u00e1, no solo un placer, sino una experiencia digna y segura. As\u00ed, se abre la puerta a redescubrir Europa con tranquilidad y confianza.<\/p>\n<p><em> &#8221; Sources www.expreso.info &#8221; <\/em><\/p>\n","protected":false},"excerpt":{"rendered":"<p>Nueva Era en la Protecci\u00f3n de Viajeros: Un Avance Hacia la Seguridad Tur\u00edstica El panorama tur\u00edstico europeo est\u00e1 en constante evoluci\u00f3n, y en este sentido, la reciente decisi\u00f3n de la Euroc\u00e1mara de reforzar la protecci\u00f3n de los viajeros marca un hito significativo. Con la intenci\u00f3n de ofrecer un marco m\u00e1s s\u00f3lido y seguro a todos [&hellip;]<\/p>\n","protected":false},"author":4,"featured_media":1124421,"comment_status":"open","ping_status":"closed","sticky":false,"template":"","format":"standard","meta":{"om_disable_all_campaigns":false,"jnews-multi-image_gallery":[],"jnews_single_post":[],"jnews_primary_category":[],"jnews_social_meta":[],"footnotes":""},"categories":[40],"tags":[8447,24252,49517,9089,246495,986,544,1916,29675],"class_list":["post-1124420","post","type-post","status-publish","format-standard","has-post-thumbnail","hentry","category-industria","tag-derechos-del-consumidor","tag-eurocamara","tag-legislacion","tag-paquetes-turisticos","tag-proteccion-de-viajeros","tag-seguridad","tag-turismo","tag-turismo-responsable","tag-viajes-organizados"],"_links":{"self":[{"href":"https:\/\/dimensionturistica.com\/es\/wp-json\/wp\/v2\/posts\/1124420","targetHints":{"allow":["GET"]}}],"collection":[{"href":"https:\/\/dimensionturistica.com\/es\/wp-json\/wp\/v2\/posts"}],"about":[{"href":"https:\/\/dimensionturistica.com\/es\/wp-json\/wp\/v2\/types\/post"}],"author":[{"embeddable":true,"href":"https:\/\/dimensionturistica.com\/es\/wp-json\/wp\/v2\/users\/4"}],"replies":[{"embeddable":true,"href":"https:\/\/dimensionturistica.com\/es\/wp-json\/wp\/v2\/comments?post=1124420"}],"version-history":[{"count":1,"href":"https:\/\/dimensionturistica.com\/es\/wp-json\/wp\/v2\/posts\/1124420\/revisions"}],"predecessor-version":[{"id":1124422,"href":"https:\/\/dimensionturistica.com\/es\/wp-json\/wp\/v2\/posts\/1124420\/revisions\/1124422"}],"wp:featuredmedia":[{"embeddable":true,"href":"https:\/\/dimensionturistica.com\/es\/wp-json\/wp\/v2\/media\/1124421"}],"wp:attachment":[{"href":"https:\/\/dimensionturistica.com\/es\/wp-json\/wp\/v2\/media?parent=1124420"}],"wp:term":[{"taxonomy":"category","embeddable":true,"href":"https:\/\/dimensionturistica.com\/es\/wp-json\/wp\/v2\/categories?post=1124420"},{"taxonomy":"post_tag","embeddable":true,"href":"https:\/\/dimensionturistica.com\/es\/wp-json\/wp\/v2\/tags?post=1124420"}],"curies":[{"name":"wp","href":"https:\/\/api.w.org\/{rel}","templated":true}]}}