{"id":1124309,"date":"2026-03-13T22:48:31","date_gmt":"2026-03-13T22:48:31","guid":{"rendered":"https:\/\/dimensionturistica.com\/es\/?p=1124309"},"modified":"2026-03-13T22:48:31","modified_gmt":"2026-03-13T22:48:31","slug":"en-nueva-york-los-clientes-se-vuelven-locos-por-la-coleccion-de-matthieu-blazy-en-chanel","status":"publish","type":"post","link":"https:\/\/dimensionturistica.com\/es\/en-nueva-york-los-clientes-se-vuelven-locos-por-la-coleccion-de-matthieu-blazy-en-chanel\/","title":{"rendered":"En Nueva York, los clientes se vuelven locos por la colecci\u00f3n de Matthieu Blazy en Chanel."},"content":{"rendered":"<h3>La Revoluci\u00f3n Estil\u00edstica de Matthieu Blazy en el Coraz\u00f3n de Nueva York<\/h3>\n<p>En un escenario resplandeciente como el de Nueva York, donde la moda se entrelaza con la cultura urbana, Matthieu Blazy ha hecho su impactante debut en una de las casas de moda m\u00e1s emblem\u00e1ticas del mundo. Su primera colecci\u00f3n no solo es un testimonio de creatividad y renovaci\u00f3n, sino tambi\u00e9n un claro reflejo de c\u00f3mo la moda puede resonar en la vida diaria a trav\u00e9s de piezas que combinan elegancia y funcionalidad.<\/p>\n<h4>Un Encuentro de Tradici\u00f3n y Modernidad<\/h4>\n<p>La colecci\u00f3n se destaca por su ingeniosa fusi\u00f3n de t\u00e9cnicas cl\u00e1sicas con un enfoque contempor\u00e1neo. Blazy ha dado una nueva vida a las tradiciones de la marca, reinterpretando siluetas ic\u00f3nicas y materiales cl\u00e1sicos con una mirada fresca. Las prendas se crean no solo para ser vistas, sino para ser vividas, convirti\u00e9ndose en compa\u00f1eras ideales para aquellos que recorren las vibrantes calles de la Gran Manzana.<\/p>\n<h4>Oda a la Cotidianidad<\/h4>\n<p>Las piezas, ricas en texturas y detalles, sugieren una conversaci\u00f3n \u00edntima entre la haute couture y la vida diaria. Cada look cuenta una historia, entendiendo la necesidad de funcionalidad en un mundo acelerado. Desde abrigos oversized hasta accesorios vers\u00e1tiles, la colecci\u00f3n se convierte en un homenaje a la mujer moderna que exige comodidad sin renunciar a la sofisticaci\u00f3n.<\/p>\n<h4>Colores y Estampados que Marcan Tendencia<\/h4>\n<p>La paleta de colores elegida por Blazy tambi\u00e9n destaca por su audacia. Tonos profundos y vibrantes contrastan con matices m\u00e1s suaves, creando un balance visual que atrapa. Adem\u00e1s, las innovadoras combinaciones de estampados aportan un toque de alegr\u00eda y dinamismo, aline\u00e1ndose con el ritmo fren\u00e9tico de la ciudad.<\/p>\n<h4>La Influencia de Nueva York<\/h4>\n<p>El entorno urbano de Nueva York ha influido profundamente en la est\u00e9tica de esta colecci\u00f3n. Cada pieza refleja el pulso de la ciudad, aplaudiendo la diversidad y adaptabilidad de sus habitantes. La visi\u00f3n de Blazy para transformar la vivencia cotidiana en algo ar extraordinario se manifiesta en cada atuendo, resonando no solo en las pasarelas, sino tambi\u00e9n en las calles.<\/p>\n<h4>Un Llamado a la Autoexpresi\u00f3n<\/h4>\n<p>El mensaje central de la colecci\u00f3n es un llamado a la autenticidad. Blazy invita a las mujeres a vestirse no solo para impresionar, sino para expresarse, encontrar su voz dentro del vasto lenguaje de la moda. Este aspecto emocional y personal de la vestimenta es lo que realmente conecta con el p\u00fablico, invit\u00e1ndoles a ser parte de esta experiencia transformadora.<\/p>\n<h4>Un Futuro Luminoso<\/h4>\n<p>Con un debut tan impresionante, la direcci\u00f3n que tomar\u00e1 Matthieu Blazy promete ser emocionante. Su capacidad para capturar la esencia de la vida moderna, combinada con un enfoque innovador hacia la moda, deja entrever un futuro brillante. La colecci\u00f3n no es solo una presentaci\u00f3n, sino una invitaci\u00f3n a redescubrir la moda como una extensi\u00f3n de uno mismo.<\/p>\n<p>En conclusi\u00f3n, esta colecci\u00f3n trascende el mero acto de vestirse; es una celebraci\u00f3n de la individualidad y la resistencia en un mundo cambiante. La moda, con su capacidad de adaptarse, no solo refleja tiempos dif\u00edciles, sino que tambi\u00e9n abre nuevas puertas hacia la creatividad y la autoexpresi\u00f3n. El impacto de Blazy ya se siente en cada rinc\u00f3n de Nueva York, y su legado est\u00e1 apenas comenzando.<\/p>\n<p><em> &#8221; Fuentes www.vogue.com &#8221; <\/em><\/p>\n","protected":false},"excerpt":{"rendered":"<p>La Revoluci\u00f3n Estil\u00edstica de Matthieu Blazy en el Coraz\u00f3n de Nueva York En un escenario resplandeciente como el de Nueva York, donde la moda se entrelaza con la cultura urbana, Matthieu Blazy ha hecho su impactante debut en una de las casas de moda m\u00e1s emblem\u00e1ticas del mundo. Su primera colecci\u00f3n no solo es un [&hellip;]<\/p>\n","protected":false},"author":14,"featured_media":1124310,"comment_status":"open","ping_status":"closed","sticky":false,"template":"","format":"standard","meta":{"om_disable_all_campaigns":false,"jnews-multi-image_gallery":[],"jnews_single_post":[],"jnews_primary_category":[],"jnews_social_meta":[],"footnotes":""},"categories":[144872],"tags":[69624,4664,31788,95613,166,8774,221425,6514,372,6194],"class_list":["post-1124309","post","type-post","status-publish","format-standard","has-post-thumbnail","hentry","category-fashion","tag-accessories","tag-chanel","tag-coco","tag-consumers","tag-fashion","tag-luxury","tag-matthieu-blazy","tag-new-york","tag-style","tag-trends"],"_links":{"self":[{"href":"https:\/\/dimensionturistica.com\/es\/wp-json\/wp\/v2\/posts\/1124309","targetHints":{"allow":["GET"]}}],"collection":[{"href":"https:\/\/dimensionturistica.com\/es\/wp-json\/wp\/v2\/posts"}],"about":[{"href":"https:\/\/dimensionturistica.com\/es\/wp-json\/wp\/v2\/types\/post"}],"author":[{"embeddable":true,"href":"https:\/\/dimensionturistica.com\/es\/wp-json\/wp\/v2\/users\/14"}],"replies":[{"embeddable":true,"href":"https:\/\/dimensionturistica.com\/es\/wp-json\/wp\/v2\/comments?post=1124309"}],"version-history":[{"count":1,"href":"https:\/\/dimensionturistica.com\/es\/wp-json\/wp\/v2\/posts\/1124309\/revisions"}],"predecessor-version":[{"id":1124311,"href":"https:\/\/dimensionturistica.com\/es\/wp-json\/wp\/v2\/posts\/1124309\/revisions\/1124311"}],"wp:featuredmedia":[{"embeddable":true,"href":"https:\/\/dimensionturistica.com\/es\/wp-json\/wp\/v2\/media\/1124310"}],"wp:attachment":[{"href":"https:\/\/dimensionturistica.com\/es\/wp-json\/wp\/v2\/media?parent=1124309"}],"wp:term":[{"taxonomy":"category","embeddable":true,"href":"https:\/\/dimensionturistica.com\/es\/wp-json\/wp\/v2\/categories?post=1124309"},{"taxonomy":"post_tag","embeddable":true,"href":"https:\/\/dimensionturistica.com\/es\/wp-json\/wp\/v2\/tags?post=1124309"}],"curies":[{"name":"wp","href":"https:\/\/api.w.org\/{rel}","templated":true}]}}