{"id":1124275,"date":"2026-03-13T21:04:42","date_gmt":"2026-03-13T21:04:42","guid":{"rendered":"https:\/\/dimensionturistica.com\/es\/?p=1124275"},"modified":"2026-03-13T21:04:42","modified_gmt":"2026-03-13T21:04:42","slug":"cumbre-vallarta-2026-reune-a-mas-de-750-referentes-del-sector-turistico-mundial","status":"publish","type":"post","link":"https:\/\/dimensionturistica.com\/es\/cumbre-vallarta-2026-reune-a-mas-de-750-referentes-del-sector-turistico-mundial\/","title":{"rendered":"Cumbre Vallarta 2026 re\u00fane a m\u00e1s de 750 referentes del sector tur\u00edstico mundial"},"content":{"rendered":"<h2>Gala Vallarta 2026: Un Encuentro Global que Transformar\u00e1 el Turismo<\/h2>\n<p>En el coraz\u00f3n del colorido Puerto Vallarta, se est\u00e1 gestando un evento que promete marcar un hito en la industria tur\u00edstica mundial. Se trata de la Gala Vallarta 2026, una cumbre que reunir\u00e1 a m\u00e1s de 750 l\u00edderes y expertos del sector, quienes se dar\u00e1n cita en este destino mexicano del 15 al 18 de diciembre de 2026. Este extraordinario encuentro no solo busca celebrar la riqueza cultural y natural de la regi\u00f3n, sino tambi\u00e9n establecer un di\u00e1logo que impulse un futuro m\u00e1s sostenible y resiliente para el turismo a nivel global.<\/p>\n<h3>Un Escenario Inigualable<\/h3>\n<p>Puerto Vallarta, con sus impresionantes paisajes costeros y vibrante vida cultural, se perfila como el lugar ideal para acoger a representantes de diversas naciones, quienes compartir\u00e1n sus experiencias y visiones sobre el futuro del turismo. Este destino no solo es famoso por sus playas, sino tambi\u00e9n por su infraestructura tur\u00edstica bien desarrollada y sus amplias ofertas gastron\u00f3micas y culturales que atraen a millones de visitantes cada a\u00f1o.<\/p>\n<h3>Innovaci\u00f3n y Sostenibilidad en el Turismo<\/h3>\n<p>Uno de los ejes centrales de la Gala Vallarta 2026 ser\u00e1 la innovaci\u00f3n en turismo sostenible. En un contexto donde los desaf\u00edos ambientales y socioculturales son cada vez m\u00e1s urgentes, los l\u00edderes del sector explorar\u00e1n estrategias y soluciones que permitan al turismo adaptarse a las necesidades contempor\u00e1neas sin comprometer la riqueza natural y cultural de los destinos. <\/p>\n<p>Este evento servir\u00e1 como plataforma para presentar nuevas tecnolog\u00edas y pr\u00e1cticas que fomentan un turismo responsable, as\u00ed como para establecer alianzas entre empresas, gobiernos y comunidades locales. La cooperaci\u00f3n internacional ser\u00e1 vital para alcanzar estos objetivos, y Vallarta se posiciona como un catalizador de este tipo de interacciones.<\/p>\n<h3>Oportunidades de Networking<\/h3>\n<p>La Gala no solo ser\u00e1 un evento informativo, sino que tambi\u00e9n ofrecer\u00e1 amplias oportunidades de networking. Durante los d\u00edas que durar\u00e1 este c\u00f3nclave, habr\u00e1 espacios para conferencias, paneles de discusi\u00f3n y actividades de vinculaci\u00f3n donde los asistentes podr\u00e1n intercambiar ideas, establecer contactos y explorar posibilidades de colaboraci\u00f3n. Sin duda, ser\u00e1 una oportunidad \u00fanica para fortalecer la red global de profesionales del turismo.<\/p>\n<h3>Promoci\u00f3n del Destino<\/h3>\n<p>El evento tambi\u00e9n representa una valiosa ocasi\u00f3n para dar visibilidad a Puerto Vallarta y a todo el estado de Jalisco en el panorama internacional. La atenci\u00f3n que atraer\u00e1n estos l\u00edderes del sector tur\u00edstico puede resultar en un incremento significativo en la afluencia de turistas, as\u00ed como en la inversi\u00f3n en infraestructura y promoci\u00f3n de la identidad cultural local. Es un momento propicio para que el municipio muestre su capacidad para albergar eventos de gran escala, lo que podr\u00eda posicionarlo como un destino l\u00edder en este tipo de encuentros.<\/p>\n<h3>Un Futuro Prometedor<\/h3>\n<p>La Gala Vallarta 2026 es mucho m\u00e1s que un simple evento: es una oportunidad para replantear y reimaginar el futuro del turismo. Con el respaldo de entidades gubernamentales y la participaci\u00f3n activa de empresas y profesionales del sector, este evento tiene el potencial de generar un cambio significativo en la forma en que entendemos y practicamos el turismo en todo el mundo. <\/p>\n<p>As\u00ed que, mientras nos acercamos a 2026, vale la pena mirar hacia Puerto Vallarta como un s\u00edmbolo de la resiliencia y creatividad del turismo, un sector que, a pesar de sus retos, contin\u00faa mostrando un brillo y vigor que invita a so\u00f1ar. No cabe duda de que la Gala ser\u00e1 un encuentro que resonar\u00e1 en la industria por mucho tiempo.<\/p>\n<p><em> &#8221; Sources www.informador.mx &#8221; <\/em><\/p>\n","protected":false},"excerpt":{"rendered":"<p>Gala Vallarta 2026: Un Encuentro Global que Transformar\u00e1 el Turismo En el coraz\u00f3n del colorido Puerto Vallarta, se est\u00e1 gestando un evento que promete marcar un hito en la industria tur\u00edstica mundial. Se trata de la Gala Vallarta 2026, una cumbre que reunir\u00e1 a m\u00e1s de 750 l\u00edderes y expertos del sector, quienes se dar\u00e1n [&hellip;]<\/p>\n","protected":false},"author":4,"featured_media":1124278,"comment_status":"open","ping_status":"closed","sticky":false,"template":"","format":"standard","meta":{"om_disable_all_campaigns":false,"jnews-multi-image_gallery":[],"jnews_single_post":[],"jnews_primary_category":[],"jnews_social_meta":[],"footnotes":""},"categories":[40],"tags":[55723,511,4241,724,271186,1419,1296,775,11019,769,82288,631,600,544,2904],"class_list":["post-1124275","post","type-post","status-publish","format-standard","has-post-thumbnail","hentry","category-industria","tag-55723","tag-conferencia","tag-economia-de-jalisco","tag-eventos","tag-gala-vallarta","tag-global","tag-industria-turistica","tag-innovacion","tag-lideres","tag-mexico","tag-networking","tag-puerto-vallarta","tag-sostenibilidad","tag-turismo","tag-vallarta"],"_links":{"self":[{"href":"https:\/\/dimensionturistica.com\/es\/wp-json\/wp\/v2\/posts\/1124275","targetHints":{"allow":["GET"]}}],"collection":[{"href":"https:\/\/dimensionturistica.com\/es\/wp-json\/wp\/v2\/posts"}],"about":[{"href":"https:\/\/dimensionturistica.com\/es\/wp-json\/wp\/v2\/types\/post"}],"author":[{"embeddable":true,"href":"https:\/\/dimensionturistica.com\/es\/wp-json\/wp\/v2\/users\/4"}],"replies":[{"embeddable":true,"href":"https:\/\/dimensionturistica.com\/es\/wp-json\/wp\/v2\/comments?post=1124275"}],"version-history":[{"count":1,"href":"https:\/\/dimensionturistica.com\/es\/wp-json\/wp\/v2\/posts\/1124275\/revisions"}],"predecessor-version":[{"id":1124279,"href":"https:\/\/dimensionturistica.com\/es\/wp-json\/wp\/v2\/posts\/1124275\/revisions\/1124279"}],"wp:featuredmedia":[{"embeddable":true,"href":"https:\/\/dimensionturistica.com\/es\/wp-json\/wp\/v2\/media\/1124278"}],"wp:attachment":[{"href":"https:\/\/dimensionturistica.com\/es\/wp-json\/wp\/v2\/media?parent=1124275"}],"wp:term":[{"taxonomy":"category","embeddable":true,"href":"https:\/\/dimensionturistica.com\/es\/wp-json\/wp\/v2\/categories?post=1124275"},{"taxonomy":"post_tag","embeddable":true,"href":"https:\/\/dimensionturistica.com\/es\/wp-json\/wp\/v2\/tags?post=1124275"}],"curies":[{"name":"wp","href":"https:\/\/api.w.org\/{rel}","templated":true}]}}