{"id":1124244,"date":"2026-03-13T19:55:02","date_gmt":"2026-03-13T19:55:02","guid":{"rendered":"https:\/\/dimensionturistica.com\/es\/?p=1124244"},"modified":"2026-03-13T19:55:02","modified_gmt":"2026-03-13T19:55:02","slug":"marzo-se-llena-de-arte-en-la-ciudad-de-mexico-exposiciones-y-eventos-culturales-imperdibles","status":"publish","type":"post","link":"https:\/\/dimensionturistica.com\/es\/marzo-se-llena-de-arte-en-la-ciudad-de-mexico-exposiciones-y-eventos-culturales-imperdibles\/","title":{"rendered":"Marzo se llena de arte en la Ciudad de M\u00e9xico exposiciones y eventos culturales imperdibles"},"content":{"rendered":"\n<p>La Ciudad de M\u00e9xico reafirma su lugar como uno de los centros culturales m\u00e1s din\u00e1micos de Am\u00e9rica Latina durante marzo de 2026. Museos, galer\u00edas y espacios culturales presentan exposiciones que abarcan desde grandes maestros del arte mexicano hasta propuestas contempor\u00e1neas, instalaciones sonoras y arte urbano. La agenda cultural del mes incluye muestras hist\u00f3ricas, experiencias inmersivas y nuevas voces que ampl\u00edan el panorama art\u00edstico de la capital.<\/p>\n\n\n\n<p>A continuaci\u00f3n, algunas de las exposiciones y eventos culturales m\u00e1s destacados que podr\u00e1n visitarse en la ciudad durante marzo.<\/p>\n\n\n\n<figure class=\"wp-block-gallery has-nested-images columns-default is-cropped wp-block-gallery-1 is-layout-flex wp-block-gallery-is-layout-flex\">\n<figure class=\"wp-block-image size-large\"><img decoding=\"async\" width=\"500\" height=\"278\" data-id=\"1124245\" src=\"https:\/\/dimensionturistica.com\/es\/wp-content\/uploads\/2026\/03\/2ARTE.jpg\" alt=\"\" class=\"wp-image-1124245\" srcset=\"https:\/\/dimensionturistica.com\/es\/wp-content\/uploads\/2026\/03\/2ARTE.jpg 500w, https:\/\/dimensionturistica.com\/es\/wp-content\/uploads\/2026\/03\/2ARTE-300x167.jpg 300w\" sizes=\"(max-width: 500px) 100vw, 500px\" \/><\/figure>\n<\/figure>\n\n\n\n<p>1. \u201cRelatos modernos. Obras emblem\u00e1ticas de la Colecci\u00f3n Gelman Santander\u201d<\/p>\n\n\n\n<p>&#x1f4c5; Hasta el 17 de mayo de 2026<\/p>\n\n\n\n<p>&#x1f4cd; Museo de Arte Moderno, Paseo de la Reforma s\/n, Bosque de Chapultepec<\/p>\n\n\n\n<p>Esta exposici\u00f3n re\u00fane obras fundamentales del arte mexicano del siglo XX pertenecientes a la reconocida Colecci\u00f3n Gelman Santander. La muestra incluye piezas de artistas como Diego Rivera, Frida Kahlo, David Alfaro Siqueiros, Mar\u00eda Izquierdo y Rufino Tamayo, ofreciendo un recorrido por distintas corrientes que marcaron el modernismo art\u00edstico en M\u00e9xico.<\/p>\n\n\n\n<p>2. \u201cUna mirada, una artista\u201d \u2013 Pilar Mainou<\/p>\n\n\n\n<p>&#x1f4c5; Del 14 al 28 de marzo de 2026<\/p>\n\n\n\n<p>&#x1f4cd; Casa Polivalente Roma, Tonal\u00e1 97, Roma Norte<\/p>\n\n\n\n<figure class=\"wp-block-gallery has-nested-images columns-default is-cropped wp-block-gallery-2 is-layout-flex wp-block-gallery-is-layout-flex\">\n<figure class=\"wp-block-image size-large\"><img decoding=\"async\" width=\"500\" height=\"329\" data-id=\"1124246\" src=\"https:\/\/dimensionturistica.com\/es\/wp-content\/uploads\/2026\/03\/1ARTE.jpg\" alt=\"\" class=\"wp-image-1124246\" srcset=\"https:\/\/dimensionturistica.com\/es\/wp-content\/uploads\/2026\/03\/1ARTE.jpg 500w, https:\/\/dimensionturistica.com\/es\/wp-content\/uploads\/2026\/03\/1ARTE-300x197.jpg 300w\" sizes=\"(max-width: 500px) 100vw, 500px\" \/><\/figure>\n<\/figure>\n\n\n\n<p>En este contexto cultural se presenta la primera exposici\u00f3n individual de la artista abstracta mexicana Pilar Mainou, una muestra que re\u00fane 16 obras de gran y mediano formato donde el color se convierte en energ\u00eda en movimiento. La exposici\u00f3n propone una experiencia sensorial que invita al espectador a sentir antes que interpretar.<\/p>\n\n\n\n<p>Como parte de su compromiso social, un porcentaje de las ventas de la muestra ser\u00e1 donado a La Cana, organizaci\u00f3n dedicada a la reinserci\u00f3n social de mujeres privadas de la libertad, y a Mi Valedor, proyecto que impulsa oportunidades laborales y visibilidad para personas en situaci\u00f3n de calle.<\/p>\n\n\n\n<p>Visitas con previa cita: cristina@mivaledor.com o al WhatsApp: 55 2042 0949. M\u00e1s informaci\u00f3n: https:\/\/mainou.art&nbsp;&nbsp;&nbsp; o&nbsp; https:\/\/www.instagram.com\/mainou.art\/<\/p>\n\n\n\n<p>3. \u201cEl beso de la muerte. Representaciones mortuorias en el arte del siglo XIX\u201d<\/p>\n\n\n\n<p>&#x1f4c5; Hasta el 29 de marzo de 2026<\/p>\n\n\n\n<p>&#x1f4cd; Museo Nacional de San Carlos, Av. M\u00e9xico-Tenochtitl\u00e1n 50, Tabacalera<\/p>\n\n\n\n<figure class=\"wp-block-gallery has-nested-images columns-default is-cropped wp-block-gallery-3 is-layout-flex wp-block-gallery-is-layout-flex\">\n<figure class=\"wp-block-image size-large\"><img decoding=\"async\" width=\"500\" height=\"363\" data-id=\"1124247\" src=\"https:\/\/dimensionturistica.com\/es\/wp-content\/uploads\/2026\/03\/3ARTE.jpg\" alt=\"\" class=\"wp-image-1124247\" srcset=\"https:\/\/dimensionturistica.com\/es\/wp-content\/uploads\/2026\/03\/3ARTE.jpg 500w, https:\/\/dimensionturistica.com\/es\/wp-content\/uploads\/2026\/03\/3ARTE-300x218.jpg 300w, https:\/\/dimensionturistica.com\/es\/wp-content\/uploads\/2026\/03\/3ARTE-120x86.jpg 120w\" sizes=\"(max-width: 500px) 100vw, 500px\" \/><\/figure>\n<\/figure>\n\n\n\n<p>La exposici\u00f3n re\u00fane cerca de 180 piezas provenientes de distintas colecciones p\u00fablicas y privadas que exploran c\u00f3mo la muerte fue representada en la cultura visual mexicana del siglo XIX, desde una perspectiva est\u00e9tica, hist\u00f3rica y simb\u00f3lica.<\/p>\n\n\n\n<p>4. \u201cEternal\u201d \u2013 COCO144<\/p>\n\n\n\n<p>&#x1f4c5; Del 3 al 26 de marzo de 2026<\/p>\n\n\n\n<p>&#x1f4cd; Revol\u00fa Gallery, Colima 302, Roma Norte<\/p>\n\n\n\n<p>La galer\u00eda presenta la exposici\u00f3n del pionero del graffiti neoyorquino COCO144, figura clave en la transici\u00f3n del arte urbano hacia el espacio galer\u00edstico. La muestra revisa m\u00e1s de cinco d\u00e9cadas de producci\u00f3n art\u00edstica que combinan aerosol, abstracci\u00f3n y escultura.<\/p>\n\n\n\n<p>5. Roberto Matta: \u201cLa conciencia es un \u00e1rbol\u201d<\/p>\n\n\n\n<p>&#x1f4c5; Hasta el 28 de marzo de 2026<\/p>\n\n\n\n<figure class=\"wp-block-gallery has-nested-images columns-default is-cropped wp-block-gallery-4 is-layout-flex wp-block-gallery-is-layout-flex\">\n<figure class=\"wp-block-image size-large\"><img decoding=\"async\" width=\"500\" height=\"282\" data-id=\"1124248\" src=\"https:\/\/dimensionturistica.com\/es\/wp-content\/uploads\/2026\/03\/7ARTE.jpg\" alt=\"\" class=\"wp-image-1124248\" srcset=\"https:\/\/dimensionturistica.com\/es\/wp-content\/uploads\/2026\/03\/7ARTE.jpg 500w, https:\/\/dimensionturistica.com\/es\/wp-content\/uploads\/2026\/03\/7ARTE-300x169.jpg 300w\" sizes=\"(max-width: 500px) 100vw, 500px\" \/><\/figure>\n<\/figure>\n\n\n\n<p>&#x1f4cd; Galer\u00eda RGR, Ciudad de M\u00e9xico<\/p>\n\n\n\n<p>Esta exposici\u00f3n presenta el trabajo del pintor surrealista chileno Roberto Matta, uno de los artistas m\u00e1s influyentes del siglo XX. Sus pinturas exploran paisajes psicol\u00f3gicos y universos simb\u00f3licos donde se cruzan pol\u00edtica, energ\u00eda c\u00f3smica y exploraci\u00f3n del inconsciente.<\/p>\n\n\n\n<p>6. MUTEK M\u00e9xico: Equinoccio<\/p>\n\n\n\n<p>&#x1f4c5; 19 de marzo de 2026, 20:00 hrs<\/p>\n\n\n\n<p>&#x1f4cd; Museo Anahuacalli<\/p>\n\n\n\n<p>El festival MUTEK celebra el equinoccio de primavera con una experiencia audiovisual en el ic\u00f3nico museo dise\u00f1ado por Diego Rivera. Artistas como Kelly Moran, Debit y Arushi Jain crear\u00e1n una noche de m\u00fasica electr\u00f3nica experimental que dialoga con la arquitectura volc\u00e1nica del recinto.<\/p>\n\n\n\n<p>7. Exposici\u00f3n inmersiva de F\u00f3rmula 1<\/p>\n\n\n\n<p>&#x1f4c5; A partir del 20 de marzo de 2026<\/p>\n\n\n\n<p>&#x1f4cd; YamaPunta Museo, Divisi\u00f3n del Norte 3572, Coyoac\u00e1n<\/p>\n\n\n\n<p>La experiencia presenta monoplazas originales, piezas de memorabilia y simuladores interactivos que recrean la sensaci\u00f3n de conducir un autom\u00f3vil de F\u00f3rmula 1, combinando tecnolog\u00eda audiovisual con historia del automovilismo.<\/p>\n\n\n\n<p>8. Open House CDMX: Adaptaciones para el futuro&#x1f4c5; Marzo de 2026<\/p>\n\n\n\n<p>&#x1f4cd; M\u00e1s de 50 sedes en la Ciudad de M\u00e9xico<\/p>\n\n\n\n<p>Este festival de arquitectura permite al p\u00fablico visitar edificios emblem\u00e1ticos, estudios y espacios normalmente cerrados al p\u00fablico, con recorridos, charlas y actividades que exploran la relaci\u00f3n entre arquitectura, ciudad y sostenibilidad.<\/p>\n\n\n\n<p>9.\u201cEl virtuosismo t\u00e9cnico de Enrique Guzm\u00e1n (1952\u20131986)\u201d<\/p>\n\n\n\n<p>&#x1f4c5; Hasta el 31 de mayo de 2026<\/p>\n\n\n\n<p>&#x1f4cd; Museo del Estanquillo, Isabel la Cat\u00f3lica 26, Centro Hist\u00f3rico<\/p>\n\n\n\n<p>El Museo del Estanquillo presenta una revisi\u00f3n del trabajo del artista Enrique Guzm\u00e1n, precursor del movimiento neomexicanista. La muestra re\u00fane dibujos y \u00f3leos que exploran nuevas formas de autorrepresentaci\u00f3n y destacan la precisi\u00f3n t\u00e9cnica y conceptual que caracteriz\u00f3 su obra.<\/p>\n","protected":false},"excerpt":{"rendered":"<p>La Ciudad de M\u00e9xico reafirma su lugar como uno de los centros culturales m\u00e1s din\u00e1micos de Am\u00e9rica Latina durante marzo de 2026. Museos, galer\u00edas y espacios culturales presentan exposiciones que abarcan desde grandes maestros del arte mexicano hasta propuestas contempor\u00e1neas, instalaciones sonoras y arte urbano. La agenda cultural del mes incluye muestras hist\u00f3ricas, experiencias inmersivas [&hellip;]<\/p>\n","protected":false},"author":1,"featured_media":1124250,"comment_status":"open","ping_status":"closed","sticky":false,"template":"","format":"standard","meta":{"om_disable_all_campaigns":false,"jnews-multi-image_gallery":[],"jnews_single_post":{"format":"standard"},"jnews_primary_category":[],"jnews_social_meta":[],"footnotes":""},"categories":[144872],"tags":[],"class_list":["post-1124244","post","type-post","status-publish","format-standard","has-post-thumbnail","hentry","category-fashion"],"_links":{"self":[{"href":"https:\/\/dimensionturistica.com\/es\/wp-json\/wp\/v2\/posts\/1124244","targetHints":{"allow":["GET"]}}],"collection":[{"href":"https:\/\/dimensionturistica.com\/es\/wp-json\/wp\/v2\/posts"}],"about":[{"href":"https:\/\/dimensionturistica.com\/es\/wp-json\/wp\/v2\/types\/post"}],"author":[{"embeddable":true,"href":"https:\/\/dimensionturistica.com\/es\/wp-json\/wp\/v2\/users\/1"}],"replies":[{"embeddable":true,"href":"https:\/\/dimensionturistica.com\/es\/wp-json\/wp\/v2\/comments?post=1124244"}],"version-history":[{"count":1,"href":"https:\/\/dimensionturistica.com\/es\/wp-json\/wp\/v2\/posts\/1124244\/revisions"}],"predecessor-version":[{"id":1124251,"href":"https:\/\/dimensionturistica.com\/es\/wp-json\/wp\/v2\/posts\/1124244\/revisions\/1124251"}],"wp:featuredmedia":[{"embeddable":true,"href":"https:\/\/dimensionturistica.com\/es\/wp-json\/wp\/v2\/media\/1124250"}],"wp:attachment":[{"href":"https:\/\/dimensionturistica.com\/es\/wp-json\/wp\/v2\/media?parent=1124244"}],"wp:term":[{"taxonomy":"category","embeddable":true,"href":"https:\/\/dimensionturistica.com\/es\/wp-json\/wp\/v2\/categories?post=1124244"},{"taxonomy":"post_tag","embeddable":true,"href":"https:\/\/dimensionturistica.com\/es\/wp-json\/wp\/v2\/tags?post=1124244"}],"curies":[{"name":"wp","href":"https:\/\/api.w.org\/{rel}","templated":true}]}}