{"id":1124111,"date":"2026-03-13T14:09:14","date_gmt":"2026-03-13T14:09:14","guid":{"rendered":"https:\/\/dimensionturistica.com\/es\/una-experiencia-culinaria-de-lujo-en-el-centro-del-campo\/"},"modified":"2026-03-13T14:09:14","modified_gmt":"2026-03-13T14:09:14","slug":"una-experiencia-culinaria-de-lujo-en-el-centro-del-campo","status":"publish","type":"post","link":"https:\/\/dimensionturistica.com\/es\/una-experiencia-culinaria-de-lujo-en-el-centro-del-campo\/","title":{"rendered":"Una experiencia culinaria de lujo en el centro del campo"},"content":{"rendered":"<h3>Un Viaje Gastron\u00f3mico al Coraz\u00f3n del Agro<\/h3>\n<p>En un mundo donde la experiencia gastron\u00f3mica se ha convertido en una parte esencial del turismo, se emerge una propuesta \u00fanica en el coraz\u00f3n del campo argentino: una fusi\u00f3n de alta cocina y el universo agr\u00edcola que promete deleitar los sentidos. Este evento no solo celebra la rica esencia de la gastronom\u00eda local, sino que tambi\u00e9n constituye un puente entre los productores y los amantes de la buena comida.<\/p>\n<p>Imagina un entorno rodeado de campos verdes, el murmullo del viento y el aroma de la tierra fresca. Este escenario natural da vida a una propuesta que va m\u00e1s all\u00e1 de simplemente comer; se trata de una inmersi\u00f3n profunda en el proceso de producci\u00f3n de los alimentos. Los visitantes tienen la oportunidad de conocer a fondo las historias de quienes cultivan la tierra, as\u00ed como la esencia de sus productos.<\/p>\n<p>Los chefs participantes, aut\u00e9nticos embajadores de la alta cocina, transforman ingredientes frescos en platos que son verdaderas obras de arte. La diversidad de sabores que se pueden encontrar es un reflejo de la vasta regi\u00f3n agr\u00edcola que rodea el evento, con productos locales que abarcan desde verduras crujientes hasta cortes de carne de primera calidad. Cada bocado es una celebraci\u00f3n de la tradici\u00f3n y la innovaci\u00f3n.<\/p>\n<p>Adem\u00e1s de los excepcionales platillos, la experiencia se complementa con actividades interactivas. Talleres de cocina, degustaciones de vinos y encuentros con productores locales enriquecen la visita, permitiendo una conexi\u00f3n genuina entre los asistentes y el mundo agropecuario. La educaci\u00f3n sobre la procedencia de los alimentos es un componente vital, resaltando la importancia de elegir opciones sostenibles y responsables.<\/p>\n<p>Este evento gastron\u00f3mico se convierte as\u00ed en un catalizador del turismo rural, donde los visitantes no solo aterrizan en una mesa de banquete, sino que tambi\u00e9n se encuentran inmersos en el estilo de vida del campo. La posibilidad de adentrarse en el d\u00eda a d\u00eda de los agricultores, aprender sobre t\u00e9cnicas de cultivo y entender el impacto de la agricultura en la econom\u00eda local ofrece una perspectiva enriquecedora y \u00fanica.<\/p>\n<p>El auge del turismo gastron\u00f3mico se ve alimentado por la b\u00fasqueda de experiencias aut\u00e9nticas. Las propuestas que combinan buena comida con el conocimiento del origen de los productos se posicionan como un im\u00e1n para aquellos que desean explorar m\u00e1s all\u00e1 de lo convencional. En este marco, el evento se presenta no solo como una oportunidad para degustar delicias, sino tambi\u00e9n como un gesto de apoyo hacia la comunidad agr\u00edcola que sustenta estas tradiciones.<\/p>\n<p>Integrar la gastronom\u00eda con la rica herencia cultural del agro argentino es una apuesta audaz. Este encuentro no es solo un fest\u00edn; es un homenaje a la tierra, a quienes trabajan en ella, y a las historias que cada ingrediente trae consigo. En un mundo cada vez m\u00e1s globalizado, acercarse al coraz\u00f3n del agro nos recuerda la belleza de lo local y la riqueza que puede encontrarse en cada plato. As\u00ed, se abre un nuevo cap\u00edtulo en el turismo que nos invita a redescubrir la esencia de la regi\u00f3n a trav\u00e9s del paladar. <\/p>\n<p>En suma, esta experiencia \u00fanica promete ser un viaje memorable que\u0432\u0430 a dejar huella en la mente y el coraz\u00f3n de aquellos que se atrevan a explorarla. Una propuesta que, sin duda, har\u00e1 que los viajeros so\u00f1ado con regresar al m\u00e1gico mundo del agro argentino.<\/p>\n<p><em> &#8221; Sources www.expoagro.com.ar &#8221; <\/em><\/p>\n","protected":false},"excerpt":{"rendered":"<p>Un Viaje Gastron\u00f3mico al Coraz\u00f3n del Agro En un mundo donde la experiencia gastron\u00f3mica se ha convertido en una parte esencial del turismo, se emerge una propuesta \u00fanica en el coraz\u00f3n del campo argentino: una fusi\u00f3n de alta cocina y el universo agr\u00edcola que promete deleitar los sentidos. Este evento no solo celebra la rica [&hellip;]<\/p>\n","protected":false},"author":2,"featured_media":1124112,"comment_status":"open","ping_status":"closed","sticky":false,"template":"","format":"standard","meta":{"om_disable_all_campaigns":false,"jnews-multi-image_gallery":[],"jnews_single_post":[],"jnews_primary_category":[],"jnews_social_meta":[],"footnotes":""},"categories":[43],"tags":[7878,651,724,271156,743,24254,769,7535,11450],"class_list":["post-1124111","post","type-post","status-publish","format-standard","has-post-thumbnail","hentry","category-gourmet","tag-agricultura","tag-agro","tag-eventos","tag-expoagro","tag-gastronomia","tag-gastronomica","tag-mexico","tag-premium","tag-propuesta"],"_links":{"self":[{"href":"https:\/\/dimensionturistica.com\/es\/wp-json\/wp\/v2\/posts\/1124111","targetHints":{"allow":["GET"]}}],"collection":[{"href":"https:\/\/dimensionturistica.com\/es\/wp-json\/wp\/v2\/posts"}],"about":[{"href":"https:\/\/dimensionturistica.com\/es\/wp-json\/wp\/v2\/types\/post"}],"author":[{"embeddable":true,"href":"https:\/\/dimensionturistica.com\/es\/wp-json\/wp\/v2\/users\/2"}],"replies":[{"embeddable":true,"href":"https:\/\/dimensionturistica.com\/es\/wp-json\/wp\/v2\/comments?post=1124111"}],"version-history":[{"count":0,"href":"https:\/\/dimensionturistica.com\/es\/wp-json\/wp\/v2\/posts\/1124111\/revisions"}],"wp:featuredmedia":[{"embeddable":true,"href":"https:\/\/dimensionturistica.com\/es\/wp-json\/wp\/v2\/media\/1124112"}],"wp:attachment":[{"href":"https:\/\/dimensionturistica.com\/es\/wp-json\/wp\/v2\/media?parent=1124111"}],"wp:term":[{"taxonomy":"category","embeddable":true,"href":"https:\/\/dimensionturistica.com\/es\/wp-json\/wp\/v2\/categories?post=1124111"},{"taxonomy":"post_tag","embeddable":true,"href":"https:\/\/dimensionturistica.com\/es\/wp-json\/wp\/v2\/tags?post=1124111"}],"curies":[{"name":"wp","href":"https:\/\/api.w.org\/{rel}","templated":true}]}}