{"id":1124060,"date":"2026-03-13T10:41:42","date_gmt":"2026-03-13T10:41:42","guid":{"rendered":"https:\/\/dimensionturistica.com\/es\/?p=1124060"},"modified":"2026-03-13T10:41:42","modified_gmt":"2026-03-13T10:41:42","slug":"ceav-prosigue-su-tour-de-2026-en-andalucia-con-los-talleres-de-granada-y-jerez-de-la-frontera","status":"publish","type":"post","link":"https:\/\/dimensionturistica.com\/es\/ceav-prosigue-su-tour-de-2026-en-andalucia-con-los-talleres-de-granada-y-jerez-de-la-frontera\/","title":{"rendered":"CEAV prosigue su tour de 2026 en Andaluc\u00eda con los talleres de Granada y Jerez de la Frontera"},"content":{"rendered":"<h3>Andaluc\u00eda: Un Destino de Oportunidades Tur\u00edsticas<\/h3>\n<p>Andaluc\u00eda, una de las joyas del sur de Espa\u00f1a, se prepara para deslumbrar a los turistas con una serie de talleres y eventos dise\u00f1ados para potenciar su atractivo en el mercado internacional. En un esfuerzo por revitalizar el sector tur\u00edstico tras los desaf\u00edos recientes, la regi\u00f3n ha lanzado una gira que recorrer\u00e1 ciudades emblem\u00e1ticas como Granada y Jerez de la Frontera, donde la cultura y la tradici\u00f3n se entrelazan de manera espectacular.<\/p>\n<p>La iniciativa tiene como objetivo fortalecer la oferta tur\u00edstica andaluza, promoviendo no solo sus impresionantes paisajes y su rica historia, sino tambi\u00e9n las experiencias \u00fanicas que se pueden vivir en esta cautivadora tierra. Desde la majestuosidad de la Alhambra en Granada hasta el vibrante arte del flamenco en Jerez, los turistas encontrar\u00e1n en cada rinc\u00f3n de Andaluc\u00eda un motivo para dejarse llevar.<\/p>\n<h3>Talleres Interactivos<\/h3>\n<p>Durante esta gira, se llevar\u00e1n a cabo talleres interactivos que buscan conectar a los profesionales del turismo con las diversificadas propuestas que Andaluc\u00eda tiene para ofrecer. Hoteleros, restauradores y gu\u00edas tur\u00edsticos tendr\u00e1n la oportunidad de intercambiar ideas y desarrollar paquetes que resalten la autenticidad andaluza. La coordinaci\u00f3n con entidades locales y la participaci\u00f3n de las comunidades son clave en este proceso, garantizando que la oferta sea representativa y atractiva.<\/p>\n<h3>Un Patrimonio Cultural sin Igual<\/h3>\n<p>Andaluc\u00eda es un crisol de culturas y tradiciones que han dejado una huella profunda en su patrimonio. La influencia \u00e1rabe, los vestigios romanos y la riqueza del Renacimiento se pueden apreciar en su arquitectura y gastronom\u00eda. Lugares como C\u00f3rdoba, con su famosa Mezquita-Catedral, y Sevilla, con su impresionante catedral y la Torre del Oro, son solo algunas de las paradas imperdibles para quienes deseen sumergirse en la historia viva de la regi\u00f3n.<\/p>\n<p>Los viajeros tambi\u00e9n podr\u00e1n disfrutar de la exquisita gastronom\u00eda andaluza, que combina sabores mediterr\u00e1neos y productos locales en una explosiva variedad de platos. Desde el tapeo en los bares de Granada hasta la exquisitez del vino de Jerez, el paladar de los visitantes se ver\u00e1 gratamente sorprendido.<\/p>\n<h3>Sostenibilidad y Turismo Responsable<\/h3>\n<p>Un aspecto importante que se abordar\u00e1 durante los talleres es el turismo sostenible. La regi\u00f3n busca posicionarse como un destino que fomente la conservaci\u00f3n del medio ambiente y la cultura local. La promoci\u00f3n de rutas que minimicen el impacto ambiental, as\u00ed como el impulso de pr\u00e1cticas tur\u00edsticas responsables, ser\u00e1n temas centrales en estas iniciativas.<\/p>\n<h3>Conclusi\u00f3n<\/h3>\n<p>Andaluc\u00eda est\u00e1 lista para abrir sus puertas al mundo con propuestas tur\u00edsticas renovadas y emocionantes. Los talleres en Granada y Jerez de la Frontera no solo resaltan la diversidad de experiencias que esta regi\u00f3n tiene para ofrecer, sino que tambi\u00e9n reflejan un compromiso por parte de los profesionales del sector para construir un futuro m\u00e1s brillante y sostenible.<\/p>\n<p>As\u00ed que, si est\u00e1s buscando un destino que combine historia, cultura, gastronom\u00eda y una calidez humana incomparable, \u00a1no busques m\u00e1s! Andaluc\u00eda te espera con los brazos abiertos y un sinf\u00edn de aventuras por descubrir.<\/p>\n<p><em> &#8221; Sources www.diariosigloxxi.com &#8221; <\/em><\/p>\n","protected":false},"excerpt":{"rendered":"<p>Andaluc\u00eda: Un Destino de Oportunidades Tur\u00edsticas Andaluc\u00eda, una de las joyas del sur de Espa\u00f1a, se prepara para deslumbrar a los turistas con una serie de talleres y eventos dise\u00f1ados para potenciar su atractivo en el mercado internacional. En un esfuerzo por revitalizar el sector tur\u00edstico tras los desaf\u00edos recientes, la regi\u00f3n ha lanzado una [&hellip;]<\/p>\n","protected":false},"author":4,"featured_media":1124062,"comment_status":"open","ping_status":"closed","sticky":false,"template":"","format":"standard","meta":{"om_disable_all_campaigns":false,"jnews-multi-image_gallery":[],"jnews_single_post":[],"jnews_primary_category":[],"jnews_social_meta":[],"footnotes":""},"categories":[40],"tags":[1182,1230,263527,2081,5733,551],"class_list":["post-1124060","post","type-post","status-publish","format-standard","has-post-thumbnail","hentry","category-industria","tag-andalucia","tag-ceav","tag-gira-2026","tag-granada","tag-jerez-de-la-frontera","tag-workshops"],"_links":{"self":[{"href":"https:\/\/dimensionturistica.com\/es\/wp-json\/wp\/v2\/posts\/1124060","targetHints":{"allow":["GET"]}}],"collection":[{"href":"https:\/\/dimensionturistica.com\/es\/wp-json\/wp\/v2\/posts"}],"about":[{"href":"https:\/\/dimensionturistica.com\/es\/wp-json\/wp\/v2\/types\/post"}],"author":[{"embeddable":true,"href":"https:\/\/dimensionturistica.com\/es\/wp-json\/wp\/v2\/users\/4"}],"replies":[{"embeddable":true,"href":"https:\/\/dimensionturistica.com\/es\/wp-json\/wp\/v2\/comments?post=1124060"}],"version-history":[{"count":1,"href":"https:\/\/dimensionturistica.com\/es\/wp-json\/wp\/v2\/posts\/1124060\/revisions"}],"predecessor-version":[{"id":1124063,"href":"https:\/\/dimensionturistica.com\/es\/wp-json\/wp\/v2\/posts\/1124060\/revisions\/1124063"}],"wp:featuredmedia":[{"embeddable":true,"href":"https:\/\/dimensionturistica.com\/es\/wp-json\/wp\/v2\/media\/1124062"}],"wp:attachment":[{"href":"https:\/\/dimensionturistica.com\/es\/wp-json\/wp\/v2\/media?parent=1124060"}],"wp:term":[{"taxonomy":"category","embeddable":true,"href":"https:\/\/dimensionturistica.com\/es\/wp-json\/wp\/v2\/categories?post=1124060"},{"taxonomy":"post_tag","embeddable":true,"href":"https:\/\/dimensionturistica.com\/es\/wp-json\/wp\/v2\/tags?post=1124060"}],"curies":[{"name":"wp","href":"https:\/\/api.w.org\/{rel}","templated":true}]}}