{"id":1124018,"date":"2026-03-13T08:53:31","date_gmt":"2026-03-13T08:53:31","guid":{"rendered":"https:\/\/dimensionturistica.com\/es\/?p=1124018"},"modified":"2026-03-13T08:53:31","modified_gmt":"2026-03-13T08:53:31","slug":"bella-hadid-se-prepara-para-el-ano-del-caballo-como-la-nueva-imagen-de-prada-beauty","status":"publish","type":"post","link":"https:\/\/dimensionturistica.com\/es\/bella-hadid-se-prepara-para-el-ano-del-caballo-como-la-nueva-imagen-de-prada-beauty\/","title":{"rendered":"Bella Hadid se prepara para el A\u00f1o del Caballo como la nueva imagen de Prada Beauty."},"content":{"rendered":"<h3>Bella Hadid: La Nueva Embajadora de Prada Beauty<\/h3>\n<p>En el mundo de la moda y la belleza, pocas noticias generan tanto revuelo como el anuncio de una nueva embajadora para una marca ic\u00f3nica. En esta ocasi\u00f3n, la atenci\u00f3n se centra en Bella Hadid, quien ha sido nombrada la nueva cara de Prada Beauty. Este movimiento no solo resalta su estatus como uno de los rostros m\u00e1s influyentes de la industria, sino que tambi\u00e9n marca un hito en la evoluci\u00f3n de la marca.<\/p>\n<p>Hadid, reconocida por su estilo audaz y su presencia magn\u00e9tica en la pasarela, se convierte en la embajadora perfecta para Prada. Con una carrera que ha desafiado los est\u00e1ndares convencionales, Bella ha capturado la atenci\u00f3n de dise\u00f1adores, fot\u00f3grafos y fan\u00e1ticos por igual. Su habilidad para encarnar la esencia de cada colecci\u00f3n la ha posicionado como una figura fundamental en el panorama actual de la moda.<\/p>\n<h3>\u00bfQu\u00e9 Significa para Prada Beauty?<\/h3>\n<p>La alianza entre Bella Hadid y Prada Beauty representa una fusi\u00f3n de innovaci\u00f3n y estilo. La marca, conocida por su est\u00e9tica vanguardista y su enfoque en la belleza atemporal, encuentra en Hadid una embajadora que refleja estos valores. Se espera que esta colaboraci\u00f3n no solo impulse el reconocimiento de la l\u00ednea de productos de belleza, sino que tambi\u00e9n establezca nuevos est\u00e1ndares en la forma en que las marcas se conectan con su audiencia.<\/p>\n<h3>La Influencia de Bella en las Redes Sociales<\/h3>\n<p>Simult\u00e1neamente, la influencia de Bella Hadid en plataformas como Instagram y TikTok es innegable. Con millones de seguidores, cada publicaci\u00f3n suya se convierte en un fen\u00f3meno viral. La integraci\u00f3n de Prada Beauty en su contenido promete atraer a una audiencia joven y moderna, ansiosa por descubrir las \u00faltimas tendencias de belleza. La capacidad de Bella para interactuar con sus seguidores y crear narrativa en torno a productos se presenta como una estrategia ganadora para la marca.<\/p>\n<h3>Un Futuro Radiante<\/h3>\n<p>La elecci\u00f3n de Bella Hadid como embajadora de Prada Beauty ilustra no solo su impacto en la moda contempor\u00e1nea, sino tambi\u00e9n un movimiento hacia la inclusi\u00f3n y la diversidad en el \u00e1mbito de la belleza. Esta colaboraci\u00f3n promete ser emocionante, y los fan\u00e1ticos de ambas partes est\u00e1n ansiosos por ver c\u00f3mo se desarrollar\u00e1. Desde anticipadas campa\u00f1as de marketing hasta eventos exclusivos, el legado de Bella en la industria de la belleza est\u00e1 destinado a redefinirse.<\/p>\n<p>La uni\u00f3n de Bella Hadid y Prada Beauty seguramente generar\u00e1 un impacto significativo, estimulando una conversaci\u00f3n apasionada en el entorno digital. A medida que se rumorea sobre nuevos lanzamientos y colaboraciones, la expectativa crece, dejando a los seguidores y entusiastas de la moda esperando con ansias lo que est\u00e1 por venir.<\/p>\n<p>En un viaje en el que la belleza y la moda convergen, Bella Hadid y Prada Beauty est\u00e1n listos para llevar a la industria a nuevas alturas. El futuro se presenta vibrante y lleno de posibilidades, y todos los ojos estar\u00e1n puestos en esta emocionante colaboraci\u00f3n.<\/p>\n<p><em> &#8221; Fuentes www.vogue.mx &#8221; <\/em><\/p>\n","protected":false},"excerpt":{"rendered":"<p>Bella Hadid: La Nueva Embajadora de Prada Beauty En el mundo de la moda y la belleza, pocas noticias generan tanto revuelo como el anuncio de una nueva embajadora para una marca ic\u00f3nica. En esta ocasi\u00f3n, la atenci\u00f3n se centra en Bella Hadid, quien ha sido nombrada la nueva cara de Prada Beauty. Este movimiento [&hellip;]<\/p>\n","protected":false},"author":14,"featured_media":1124019,"comment_status":"open","ping_status":"closed","sticky":false,"template":"","format":"standard","meta":{"om_disable_all_campaigns":false,"jnews-multi-image_gallery":[],"jnews_single_post":[],"jnews_primary_category":[],"jnews_social_meta":[],"footnotes":""},"categories":[144872],"tags":[263891,200685,3381,1445,6446,9028,7758,21502,659,32078,271116],"class_list":["post-1124018","post","type-post","status-publish","format-standard","has-post-thumbnail","hentry","category-fashion","tag-ano-del-caballo","tag-bella-hadid","tag-belleza","tag-campana","tag-celebridades","tag-embajadora","tag-estilo","tag-maquillaje","tag-moda","tag-prada","tag-prada-beauty"],"_links":{"self":[{"href":"https:\/\/dimensionturistica.com\/es\/wp-json\/wp\/v2\/posts\/1124018","targetHints":{"allow":["GET"]}}],"collection":[{"href":"https:\/\/dimensionturistica.com\/es\/wp-json\/wp\/v2\/posts"}],"about":[{"href":"https:\/\/dimensionturistica.com\/es\/wp-json\/wp\/v2\/types\/post"}],"author":[{"embeddable":true,"href":"https:\/\/dimensionturistica.com\/es\/wp-json\/wp\/v2\/users\/14"}],"replies":[{"embeddable":true,"href":"https:\/\/dimensionturistica.com\/es\/wp-json\/wp\/v2\/comments?post=1124018"}],"version-history":[{"count":1,"href":"https:\/\/dimensionturistica.com\/es\/wp-json\/wp\/v2\/posts\/1124018\/revisions"}],"predecessor-version":[{"id":1124020,"href":"https:\/\/dimensionturistica.com\/es\/wp-json\/wp\/v2\/posts\/1124018\/revisions\/1124020"}],"wp:featuredmedia":[{"embeddable":true,"href":"https:\/\/dimensionturistica.com\/es\/wp-json\/wp\/v2\/media\/1124019"}],"wp:attachment":[{"href":"https:\/\/dimensionturistica.com\/es\/wp-json\/wp\/v2\/media?parent=1124018"}],"wp:term":[{"taxonomy":"category","embeddable":true,"href":"https:\/\/dimensionturistica.com\/es\/wp-json\/wp\/v2\/categories?post=1124018"},{"taxonomy":"post_tag","embeddable":true,"href":"https:\/\/dimensionturistica.com\/es\/wp-json\/wp\/v2\/tags?post=1124018"}],"curies":[{"name":"wp","href":"https:\/\/api.w.org\/{rel}","templated":true}]}}