{"id":1124003,"date":"2026-03-13T08:01:54","date_gmt":"2026-03-13T08:01:54","guid":{"rendered":"https:\/\/dimensionturistica.com\/es\/?p=1124003"},"modified":"2026-03-13T08:01:54","modified_gmt":"2026-03-13T08:01:54","slug":"consigue-el-estilo-capilar-de-los-70-con-toques-boho-que-deslumbrara-en-primavera-2026","status":"publish","type":"post","link":"https:\/\/dimensionturistica.com\/es\/consigue-el-estilo-capilar-de-los-70-con-toques-boho-que-deslumbrara-en-primavera-2026\/","title":{"rendered":"Consigue el estilo capilar de los 70 (con toques boho) que deslumbrar\u00e1 en primavera 2026."},"content":{"rendered":"<h2>El Regreso del Corte de Cabello con Flequillo de los A\u00f1os 70: Tendencia Boho Primavera 2026<\/h2>\n<p>La moda siempre encuentra la manera de reinventarse, y la primavera 2026 no es la excepci\u00f3n. En esta temporada, uno de los estilos que ha resurgido con fuerza es el ic\u00f3nico corte de cabello con flequillo, inspirado en la est\u00e9tica bohemia de los a\u00f1os 70. Este look, que una vez defini\u00f3 a toda una generaci\u00f3n, vuelve para enamorar tanto a quienes vivieron esa \u00e9poca como a las nuevas generaciones.<\/p>\n<h3>Un Cl\u00e1sico que No Pasa de Moda<\/h3>\n<p>El corte con flequillo recuerda a figuras emblem\u00e1ticas como Jane Birkin y Stevie Nicks, quienes con su inconfundible estilo lograron capturar la esencia de la libertad y creatividad de su tiempo. Ahora, este look se actualiza con toques contempor\u00e1neos, ofreciendo una visi\u00f3n fresca que combina lo retro con elementos modernos. La versatilidad del flequillo permite adaptarlo a diferentes tipos de rostro y texturas de cabello, convirti\u00e9ndolo en una opci\u00f3n accesible para muchas.<\/p>\n<h3>Caracter\u00edsticas del Estilo Boho<\/h3>\n<p>El estilo boho de los a\u00f1os 70 se destaca por su enfoque en la creatividad y la individualidad. Este a\u00f1o, el corte de cabello no solo incluye un flequillo marcado, sino tambi\u00e9n capas suaves que aportan movimiento y volumen. Las melenas se llevan sueltas, con ondas naturales que evocan un aire despreocupado y libre. Los tonos c\u00e1lidos y terrosos son los protagonistas en la paleta de colores, favoreciendo los tonos rubios miel, casta\u00f1os c\u00e1lidos y rojos profundos.<\/p>\n<h3>C\u00f3mo Llevarlo en 2026<\/h3>\n<p>Para asegurar que el corte de cabello con flequillo se ajuste a las tendencias actuales, se recomienda combinarlo con elementos clave de la moda de primavera. Los accesorios son fundamentales: diademas de tela, pendientes grandes y bufandas son perfectos para complementar este look. Adem\u00e1s, los peinados trenzados o las coletas despeinadas pueden ser grandes aliados para realzar el flequillo y darle un toque m\u00e1s personal.<\/p>\n<p>Si se busca un acabado m\u00e1s pulido, las planchas de cabello pueden ayudar a definir el flequillo y lograr un estilo elegante y sofisticado. Por otro lado, un enfoque m\u00e1s desenfadado, con un secado al aire libre y productos que texturicen, aportar\u00e1 esa esencia bohemia que tanto caracteriza esta tendencia.<\/p>\n<h3>Inspiraci\u00f3n y Estrellas<\/h3>\n<p>A medida que se acerca la primavera, varias celebridades y dise\u00f1adores han comenzado a lucir este estilo en diversas presentaciones y alfombras rojas. Desde campa\u00f1as publicitarias hasta eventos de alta costura, el flequillo boho est\u00e1 en todas partes. Influencers y modelos est\u00e1n abrazando este look, lo que lo convierte en un tema candente en redes sociales y plataformas de moda.<\/p>\n<h3>Cierre del Estilo<\/h3>\n<p>La primavera 2026 marca el regreso triunfal del corte de cabello con flequillo, tomando inspiraci\u00f3n de d\u00e9cadas pasadas y brindando un nuevo giro que promete capturar corazones. Aquellos que buscan un cambio refrescante en su imagen encontrar\u00e1n en este estilo una opci\u00f3n ideal que no solo representa una forma de expresi\u00f3n personal, sino que tambi\u00e9n celebra la rica historia de la moda. \u00a1Prep\u00e1rate para hacer de este look un must-have en tu guardarropa esta temporada!<\/p>\n<p><em> &#8221; Fuentes www.vogue.mx &#8221; <\/em><\/p>\n","protected":false},"excerpt":{"rendered":"<p>El Regreso del Corte de Cabello con Flequillo de los A\u00f1os 70: Tendencia Boho Primavera 2026 La moda siempre encuentra la manera de reinventarse, y la primavera 2026 no es la excepci\u00f3n. En esta temporada, uno de los estilos que ha resurgido con fuerza es el ic\u00f3nico corte de cabello con flequillo, inspirado en la [&hellip;]<\/p>\n","protected":false},"author":14,"featured_media":1124004,"comment_status":"open","ping_status":"closed","sticky":false,"template":"","format":"standard","meta":{"om_disable_all_campaigns":false,"jnews-multi-image_gallery":[],"jnews_single_post":[],"jnews_primary_category":[],"jnews_social_meta":[],"footnotes":""},"categories":[144872],"tags":[207929,39783,201310,200508,206176,271112,245449,659,3379,239477,1252],"class_list":["post-1124003","post","type-post","status-publish","format-standard","has-post-thumbnail","hentry","category-fashion","tag-anos-70","tag-cabello","tag-corte-de-cabello","tag-cortes-de-cabello","tag-estilo-retro","tag-inspiracion-boho","tag-looks-vintage","tag-moda","tag-peluqueria","tag-primavera-2026","tag-tendencia"],"_links":{"self":[{"href":"https:\/\/dimensionturistica.com\/es\/wp-json\/wp\/v2\/posts\/1124003","targetHints":{"allow":["GET"]}}],"collection":[{"href":"https:\/\/dimensionturistica.com\/es\/wp-json\/wp\/v2\/posts"}],"about":[{"href":"https:\/\/dimensionturistica.com\/es\/wp-json\/wp\/v2\/types\/post"}],"author":[{"embeddable":true,"href":"https:\/\/dimensionturistica.com\/es\/wp-json\/wp\/v2\/users\/14"}],"replies":[{"embeddable":true,"href":"https:\/\/dimensionturistica.com\/es\/wp-json\/wp\/v2\/comments?post=1124003"}],"version-history":[{"count":1,"href":"https:\/\/dimensionturistica.com\/es\/wp-json\/wp\/v2\/posts\/1124003\/revisions"}],"predecessor-version":[{"id":1124005,"href":"https:\/\/dimensionturistica.com\/es\/wp-json\/wp\/v2\/posts\/1124003\/revisions\/1124005"}],"wp:featuredmedia":[{"embeddable":true,"href":"https:\/\/dimensionturistica.com\/es\/wp-json\/wp\/v2\/media\/1124004"}],"wp:attachment":[{"href":"https:\/\/dimensionturistica.com\/es\/wp-json\/wp\/v2\/media?parent=1124003"}],"wp:term":[{"taxonomy":"category","embeddable":true,"href":"https:\/\/dimensionturistica.com\/es\/wp-json\/wp\/v2\/categories?post=1124003"},{"taxonomy":"post_tag","embeddable":true,"href":"https:\/\/dimensionturistica.com\/es\/wp-json\/wp\/v2\/tags?post=1124003"}],"curies":[{"name":"wp","href":"https:\/\/api.w.org\/{rel}","templated":true}]}}