{"id":1123879,"date":"2026-03-13T01:02:55","date_gmt":"2026-03-13T01:02:55","guid":{"rendered":"https:\/\/dimensionturistica.com\/es\/?p=1123879"},"modified":"2026-03-13T01:02:55","modified_gmt":"2026-03-13T01:02:55","slug":"gwyneth-paltrow-rinde-homenaje-a-su-amigo-el-fallecido-sr-valentino-garavani","status":"publish","type":"post","link":"https:\/\/dimensionturistica.com\/es\/gwyneth-paltrow-rinde-homenaje-a-su-amigo-el-fallecido-sr-valentino-garavani\/","title":{"rendered":"Gwyneth Paltrow Rinde Homenaje a Su Amigo, el Fallecido Sr. Valentino Garavani"},"content":{"rendered":"<p><strong>Gwyneth Paltrow: La Reina de la Elegancia Moderna en el Coraz\u00f3n de Roma<\/strong><\/p>\n<p>En el vibrante marco de Roma, la multifac\u00e9tica actriz y empresaria Gwyneth Paltrow ha encontrado el espacio ideal para compartir su conexi\u00f3n con la moda y la vida. En una reciente conversaci\u00f3n, Paltrow desnud\u00f3 sus pensamientos sobre el estilo, la est\u00e9tica y su longeva relaci\u00f3n con Valentino, una marca que ha sido sin\u00f3nimo de glamour atemporal y sofisticaci\u00f3n.<\/p>\n<p>La escena se establece en un entorno donde la historia y la modernidad convergen. Paltrow, con su aura et\u00e9rea y elegancia innata, se convierte en un \u00edcono del estilo, llevando a los espectadores a un mundo donde la moda trasciende las tendencias pasajeras. Con cada prenda que elige, la actriz reafirma su compromiso con un enfoque consciente de la moda, resaltando la sostenibilidad sin sacrificar est\u00e9ticamente la belleza.<\/p>\n<p>Al reflexionar sobre su v\u00ednculo con Valentino, Paltrow destaca c\u00f3mo cada vestido cuenta una historia personal. La narrativa detr\u00e1s de su elecci\u00f3n es tanto visual como emocional, creando un di\u00e1logo entre la moda y la experiencia vivida. La marca, famosa por su paleta rica y sus siluetas esculturales, ha logrado encapsular la esencia de quien luce sus creaciones, llevando el concepto de &#8220;vestir&#8221; a una experiencia casi espiritual.<\/p>\n<p>Paltrow tambi\u00e9n aborda el poder transformador de la moda. M\u00e1s que simple vestimenta, cada atuendo tiene el potencial de potenciar la confianza y la autenticidad. En un mundo donde las apariencias suelen ser enga\u00f1osas, la actriz invita a los seguidores a explorar la moda como una extensi\u00f3n de su yo interior, m\u00e1s all\u00e1 de las expectativas sociales.<\/p>\n<p>En uno de los momentos m\u00e1s cautivadores de la charla, se reflexiona sobre la evoluci\u00f3n del estilo personal a lo largo de los a\u00f1os. Paltrow describe su transici\u00f3n desde looks vanguardistas hacia una est\u00e9tica m\u00e1s refinada y minimalista, en la que cada pieza es seleccionada cuidadosamente. Este enfoque destaca la importancia de tener un armario intencional, donde cada elemento no solo cumpla una funci\u00f3n, sino que tambi\u00e9n tenga un significado.<\/p>\n<p>Los hogares de moda, especialmente Valentino, est\u00e1n en constante b\u00fasqueda de un balance entre la innovaci\u00f3n y la tradici\u00f3n. Paltrow es testigo de c\u00f3mo la marca se reinventa sin perder su esencia, creando colecciones que resuenan tanto con las nuevas generaciones como con los amantes de la moda cl\u00e1sica. Este es un equilibrio que muchos dise\u00f1adores ans\u00edan emular, y Paltrow se posiciona como un nexo entre la cultura pop y el arte de la moda.<\/p>\n<p>El esp\u00edritu de Roma, con su rica herencia cultural y su vibrante vida contempor\u00e1nea, sirve como tel\u00f3n de fondo para esta exploraci\u00f3n de la est\u00e9tica personal y la moda. La ciudad no es solo un escenario, sino un personaje en s\u00ed mismo, influyendo en cada elecci\u00f3n estil\u00edstica que hace Paltrow.<\/p>\n<p>Finalmente, el mensaje que emana de esta conversaci\u00f3n es un recordatorio de que la moda es muy personal y, a la vez, un reflejo del contexto social y cultural. En un mundo que a menudo parece superficial, artistas como Paltrow nos invitan a ver m\u00e1s all\u00e1 de las etiquetas y los precios, y a apreciar la profundidad y la historia detr\u00e1s de cada prenda.<\/p>\n<p>En cada paso que da en las calles de Roma, Gwyneth Paltrow se convierte en un embajadora de la moda consciente, record\u00e1ndonos que el verdadero estilo va mucho m\u00e1s all\u00e1 de lo que se lleva puesto. La moda, en su sentido m\u00e1s profundo, es una forma de autoexpresi\u00f3n que puede transformar no solo la apariencia, sino tambi\u00e9n la esencia misma de quienes somos.<\/p>\n<p><em> &#8221; Fuentes www.vogue.com &#8221; <\/em><\/p>\n","protected":false},"excerpt":{"rendered":"<p>Gwyneth Paltrow: La Reina de la Elegancia Moderna en el Coraz\u00f3n de Roma En el vibrante marco de Roma, la multifac\u00e9tica actriz y empresaria Gwyneth Paltrow ha encontrado el espacio ideal para compartir su conexi\u00f3n con la moda y la vida. En una reciente conversaci\u00f3n, Paltrow desnud\u00f3 sus pensamientos sobre el estilo, la est\u00e9tica y [&hellip;]<\/p>\n","protected":false},"author":14,"featured_media":1123880,"comment_status":"open","ping_status":"closed","sticky":false,"template":"","format":"standard","meta":{"om_disable_all_campaigns":false,"jnews-multi-image_gallery":[],"jnews_single_post":[],"jnews_primary_category":[],"jnews_social_meta":[],"footnotes":""},"categories":[144872],"tags":[237,166,70724,22890,74638,99659,27866,205229,72687,206267,225516],"class_list":["post-1123879","post","type-post","status-publish","format-standard","has-post-thumbnail","hentry","category-fashion","tag-celebrity","tag-fashion","tag-friendship","tag-gwyneth-paltrow","tag-loss","tag-memories","tag-nostalgia","tag-remembrance","tag-tribute","tag-valentino","tag-valentino-garavani"],"_links":{"self":[{"href":"https:\/\/dimensionturistica.com\/es\/wp-json\/wp\/v2\/posts\/1123879","targetHints":{"allow":["GET"]}}],"collection":[{"href":"https:\/\/dimensionturistica.com\/es\/wp-json\/wp\/v2\/posts"}],"about":[{"href":"https:\/\/dimensionturistica.com\/es\/wp-json\/wp\/v2\/types\/post"}],"author":[{"embeddable":true,"href":"https:\/\/dimensionturistica.com\/es\/wp-json\/wp\/v2\/users\/14"}],"replies":[{"embeddable":true,"href":"https:\/\/dimensionturistica.com\/es\/wp-json\/wp\/v2\/comments?post=1123879"}],"version-history":[{"count":1,"href":"https:\/\/dimensionturistica.com\/es\/wp-json\/wp\/v2\/posts\/1123879\/revisions"}],"predecessor-version":[{"id":1123881,"href":"https:\/\/dimensionturistica.com\/es\/wp-json\/wp\/v2\/posts\/1123879\/revisions\/1123881"}],"wp:featuredmedia":[{"embeddable":true,"href":"https:\/\/dimensionturistica.com\/es\/wp-json\/wp\/v2\/media\/1123880"}],"wp:attachment":[{"href":"https:\/\/dimensionturistica.com\/es\/wp-json\/wp\/v2\/media?parent=1123879"}],"wp:term":[{"taxonomy":"category","embeddable":true,"href":"https:\/\/dimensionturistica.com\/es\/wp-json\/wp\/v2\/categories?post=1123879"},{"taxonomy":"post_tag","embeddable":true,"href":"https:\/\/dimensionturistica.com\/es\/wp-json\/wp\/v2\/tags?post=1123879"}],"curies":[{"name":"wp","href":"https:\/\/api.w.org\/{rel}","templated":true}]}}