{"id":1123865,"date":"2026-03-13T00:11:44","date_gmt":"2026-03-13T00:11:44","guid":{"rendered":"https:\/\/dimensionturistica.com\/es\/?p=1123865"},"modified":"2026-03-13T00:11:44","modified_gmt":"2026-03-13T00:11:44","slug":"alessandro-en-roma-las-mejores-imagenes-detras-del-escenario-del-desfile-de-pret-a-porter-otono-2026-de-valentino","status":"publish","type":"post","link":"https:\/\/dimensionturistica.com\/es\/alessandro-en-roma-las-mejores-imagenes-detras-del-escenario-del-desfile-de-pret-a-porter-otono-2026-de-valentino\/","title":{"rendered":"Alessandro en Roma: Las Mejores Im\u00e1genes Detr\u00e1s del Escenario del Desfile de Pr\u00eat-\u00e0-Porter Oto\u00f1o 2026 de Valentino"},"content":{"rendered":"<h3>Tras Bambalinas: El Espect\u00e1culo de Valentino Oto\u00f1o 2026<\/h3>\n<p>La pasarela de Valentino ha sido escenario de momentos memorables, y su desfile de oto\u00f1o 2026 no fue la excepci\u00f3n. Este evento, que se llev\u00f3 a cabo en la ciudad eterna, Roma, ofreci\u00f3 una experiencia visual deslumbrante tanto para los asistentes como para los que segu\u00edan el espect\u00e1culo desde lejos. Las im\u00e1genes tomadas durante el backstage brindan una visi\u00f3n exclusiva de lo que ocurre detr\u00e1s de escena, revelando el arduo trabajo, la creatividad y la magia que hacen posible cada desfile.<\/p>\n<h4>La Est\u00e9tica de Roma<\/h4>\n<p>La elecci\u00f3n de Roma como tel\u00f3n de fondo no es casual. Con su rica historia y arquitectura impresionante, la ciudad aporta una elegancia innata a la colecci\u00f3n. Los dise\u00f1adores han sabido aprovechar esta atm\u00f3sfera, integrando elementos que evocan la grandeza de la ciudad en las prendas presentadas.<\/p>\n<h4>Colores y Texturas<\/h4>\n<p>Las fotograf\u00edas del backstage destacan la paleta de colores que dominar\u00e1 la temporada. Desde tonos c\u00e1lidos que recuerdan al atardecer romano hasta suaves pasteles que evocan la belleza de sus monumentos, cada elecci\u00f3n est\u00e1 cuidadosamente pensada. Las texturas, que var\u00edan desde la suavidad del terciopelo hasta la ligereza de la gasa, crean un di\u00e1logo visual que cautiva al espectador.<\/p>\n<h4>El Equipo detr\u00e1s del Espect\u00e1culo<\/h4>\n<p>Un aspecto crucial que se revela en estas im\u00e1genes es la dedicaci\u00f3n del equipo de Valentino. Los estilistas, maquilladores y artistas del cabello trabajan en perfecta sincron\u00eda para dar vida a la visi\u00f3n del dise\u00f1ador. Las fotos muestran la energ\u00eda palpable y la atenci\u00f3n al detalle que los profesionales aportan, haciendo del desfile una verdadera obra de arte.<\/p>\n<h4>Modelos y Actitud<\/h4>\n<p>Las modelos que desfilan con las creaciones de Valentino no solo llevan prendas; transmiten una actitud que resuena con la esencia de la colecci\u00f3n. Las instant\u00e1neas del backstage capturan estos momentos de preparaci\u00f3n, donde las sonrisas y la confianza de las modelos se entrelazan con los looks, ofreciendo un vistazo a la personalidad detr\u00e1s de cada atuendo.<\/p>\n<h4>Un Juego de Iluminaci\u00f3n<\/h4>\n<p>El juego de luces es otro de los elementos que se observan en las im\u00e1genes. La manera en que se distribuye la iluminaci\u00f3n en el backstage a\u00f1ade un aura de misterio y sofisticaci\u00f3n. Desde focos que iluminan sutilmente a los dise\u00f1adores hasta sombras que dan profundidad a las piezas, cada detalle cuenta para crear una atm\u00f3sfera envolvente.<\/p>\n<h4>La Reacci\u00f3n del P\u00fablico<\/h4>\n<p>A medida que se avecina el desfile, la emoci\u00f3n es palpable. Los asistentes, que cuentan con una mezcla de amantes de la moda, celebridades y figuras influyentes, se preparan para recibir la nueva colecci\u00f3n. Las reacciones est\u00e1n capturadas en las fotos: desde la expectaci\u00f3n hasta la admiraci\u00f3n que surge al ver las primeras modelos en la pasarela.<\/p>\n<h4>La Conexi\u00f3n con la Cultura<\/h4>\n<p>La colecci\u00f3n refleja una conexi\u00f3n profunda con la cultura italiana. Cada prenda narra una historia, fusionando tradiciones con una visi\u00f3n contempor\u00e1nea. En el backstage, los dise\u00f1adores comparten an\u00e9cdotas y conceptos que han inspirado sus creaciones, creando un ambiente de colaboraci\u00f3n y creatividad.<\/p>\n<h3>Un Legado<\/h3>\n<p>Este desfile no solo presenta moda; es un homenaje a la rica herencia de Valentino y a la influencia de Roma. Las fotograf\u00edas tras bambalinas se convierten en un testimonio de la dedicaci\u00f3n, la pasi\u00f3n y la visi\u00f3n que caracterizan cada colecci\u00f3n. La moda, en este contexto, no es solo un acto de exhibici\u00f3n, sino una celebraci\u00f3n del arte y la cultura que nos rodea.<\/p>\n<p>Sin duda, el desfile de Valentino para oto\u00f1o 2026 se quedar\u00e1 grabado en la memoria colectiva de la moda, no solo por las prendas presentadas, sino tambi\u00e9n por la historia que cuenta y las emociones que evoca. Cada imagen del backstage es un recordatorio de que detr\u00e1s de cada espect\u00e1culo hay una comunidad vibrante, unida por la pasi\u00f3n por la creatividad.<\/p>\n<p><em> &#8221; Fuentes www.vogue.com &#8221; <\/em><\/p>\n","protected":false},"excerpt":{"rendered":"<p>Tras Bambalinas: El Espect\u00e1culo de Valentino Oto\u00f1o 2026 La pasarela de Valentino ha sido escenario de momentos memorables, y su desfile de oto\u00f1o 2026 no fue la excepci\u00f3n. Este evento, que se llev\u00f3 a cabo en la ciudad eterna, Roma, ofreci\u00f3 una experiencia visual deslumbrante tanto para los asistentes como para los que segu\u00edan el [&hellip;]<\/p>\n","protected":false},"author":14,"featured_media":1123866,"comment_status":"open","ping_status":"closed","sticky":false,"template":"","format":"standard","meta":{"om_disable_all_campaigns":false,"jnews-multi-image_gallery":[],"jnews_single_post":[],"jnews_primary_category":[],"jnews_social_meta":[],"footnotes":""},"categories":[144872],"tags":[271075,189314,204040,89166,253544,166,192704,14988,160469,67904,94447,206267],"class_list":["post-1123865","post","type-post","status-publish","format-standard","has-post-thumbnail","hentry","category-fashion","tag-alessandro","tag-backstage","tag-backstage-beauty","tag-designer","tag-fall-2026","tag-fashion","tag-haute-couture","tag-photos","tag-ready-to-wear","tag-rome","tag-runway","tag-valentino"],"_links":{"self":[{"href":"https:\/\/dimensionturistica.com\/es\/wp-json\/wp\/v2\/posts\/1123865","targetHints":{"allow":["GET"]}}],"collection":[{"href":"https:\/\/dimensionturistica.com\/es\/wp-json\/wp\/v2\/posts"}],"about":[{"href":"https:\/\/dimensionturistica.com\/es\/wp-json\/wp\/v2\/types\/post"}],"author":[{"embeddable":true,"href":"https:\/\/dimensionturistica.com\/es\/wp-json\/wp\/v2\/users\/14"}],"replies":[{"embeddable":true,"href":"https:\/\/dimensionturistica.com\/es\/wp-json\/wp\/v2\/comments?post=1123865"}],"version-history":[{"count":1,"href":"https:\/\/dimensionturistica.com\/es\/wp-json\/wp\/v2\/posts\/1123865\/revisions"}],"predecessor-version":[{"id":1123867,"href":"https:\/\/dimensionturistica.com\/es\/wp-json\/wp\/v2\/posts\/1123865\/revisions\/1123867"}],"wp:featuredmedia":[{"embeddable":true,"href":"https:\/\/dimensionturistica.com\/es\/wp-json\/wp\/v2\/media\/1123866"}],"wp:attachment":[{"href":"https:\/\/dimensionturistica.com\/es\/wp-json\/wp\/v2\/media?parent=1123865"}],"wp:term":[{"taxonomy":"category","embeddable":true,"href":"https:\/\/dimensionturistica.com\/es\/wp-json\/wp\/v2\/categories?post=1123865"},{"taxonomy":"post_tag","embeddable":true,"href":"https:\/\/dimensionturistica.com\/es\/wp-json\/wp\/v2\/tags?post=1123865"}],"curies":[{"name":"wp","href":"https:\/\/api.w.org\/{rel}","templated":true}]}}