{"id":1123768,"date":"2026-03-12T19:52:42","date_gmt":"2026-03-12T19:52:42","guid":{"rendered":"https:\/\/dimensionturistica.com\/es\/?p=1123768"},"modified":"2026-03-12T19:52:42","modified_gmt":"2026-03-12T19:52:42","slug":"rituales-matutinos-sencillos-que-realmente-puedes-llevar-a-cabo","status":"publish","type":"post","link":"https:\/\/dimensionturistica.com\/es\/rituales-matutinos-sencillos-que-realmente-puedes-llevar-a-cabo\/","title":{"rendered":"Rituales Matutinos Sencillos Que Realmente Puedes Llevar a Cabo"},"content":{"rendered":"<h3>Despierta Tu Estilo: Rituales Matutinos que Transforman Tu D\u00eda<\/h3>\n<p>La ma\u00f1ana es un instante m\u00e1gico, una p\u00e1gina en blanco donde se gesta el estilo del d\u00eda. En el vertiginoso mundo actual, donde cada segundo cuenta, establecer un ritual matutino se convierte en una estrategia esencial para marcar la diferencia y preparar el escenario para lo que vendr\u00e1. Estas pr\u00e1cticas no solo revitalizan el cuerpo, sino que tambi\u00e9n nutren el esp\u00edritu y la creatividad, convirti\u00e9ndose en el preludio ideal para el d\u00eda que est\u00e1 por comenzar.<\/p>\n<h4>1. El Poder de la Rutina<\/h4>\n<p>Iniciar el d\u00eda con una rutina bien definida brinda estructura y equilibrio. Ya sea a trav\u00e9s de una sesi\u00f3n de meditaci\u00f3n, una serie de estiramientos o incluso un momento de silencio, esta conexi\u00f3n con uno mismo abre las puertas a una mentalidad positiva. Est\u00e1 demostrado que estas pr\u00e1cticas matutinas fomentan la concentraci\u00f3n y aumentan la productividad, creando un entorno propicio para la toma de decisiones de estilo, tanto en la moda como en la vida.<\/p>\n<h4>2. Estilo y Funcionalidad: La Elecci\u00f3n de la Prenda Perfecta<\/h4>\n<p>La elecci\u00f3n de la vestimenta puede ser un arte. Destinar unos minutos a seleccionar el atuendo del d\u00eda puede influir enormemente en la autoconfianza. Desde un elegante blazer que realza la figura hasta unos c\u00f3modos pero chic pantalones, cada prenda cuenta una historia. El accesorio adecuado puede transformar un conjunto ordinario en algo extraordinario; una bufanda, un reloj o unas joyas pueden elevar un look, reflejando la personalidad y el estado de \u00e1nimo del d\u00eda.<\/p>\n<h4>3. El Desayuno como Oportunidad de Estilo<\/h4>\n<p>El desayuno es un ritual tan importante como el vestuario. Optar por opciones saludables no solo beneficia la salud, sino que tambi\u00e9n inspira una elecci\u00f3n de estilo consciente y elegante. Platos vibrantes y coloridos pueden ser una fuente de inspiraci\u00f3n, as\u00ed como una forma de mimarse antes de salir al mundo. Un smoothie verde puede ser tan est\u00e9tico como nutritivo, y servirse con elegancia a\u00f1ade ese toque especial que se refleja en la actitud diario.<\/p>\n<h4>4. La Importancia de la Preparaci\u00f3n<\/h4>\n<p>Preparar el d\u00eda anterior es un secreto que muchos estilistas y creativos utilizan. Organizar el armario, elegir el maquillaje o incluso programar el men\u00fa del d\u00eda, puede ahorrar tiempo y reducir el estr\u00e9s matutino. Al dejar todo listo, se libera espacio mental y f\u00edsico para ser m\u00e1s creativo y audaz en las decisiones de moda que se tomen.<\/p>\n<h4>5. La M\u00fasica como Est\u00edmulo<\/h4>\n<p>La selecci\u00f3n musical tiene el poder de transformar cualquier ambiente. Crear una lista de reproducci\u00f3n matutina ayuda a establecer el tono del d\u00eda. Canciones vibrantes y en\u00e9rgicas pueden avivar el \u00e1nimo y motivar a afrontar cualquier desaf\u00edo, desde reuniones laborales hasta citas sociales. La m\u00fasica no solo alimenta el esp\u00edritu, sino que tambi\u00e9n se convierte en parte del estilo personal.<\/p>\n<h4>6. La Fuerza de la Conexi\u00f3n<\/h4>\n<p>Finalmente, tomarse un momento para conectarse con los seres queridos, ya sea un caf\u00e9 compartido o un simple mensaje de buenos d\u00edas, puede ser el impulso emocional que se necesita. Esta conexi\u00f3n humana, aunque breve, aporta calidez y autenticidad al d\u00eda, haciendo que cada paso que se d\u00e9 \u2014tanto en la pasarela del hogar como en la del mundo\u2014 est\u00e9 cargado de significado.<\/p>\n<h3>Conclusi\u00f3n<\/h3>\n<p>Los rituales matutinos no son meros h\u00e1bitos, sino el pre\u00e1mbulo de un estilo de vida consciente y vibrante. Cada peque\u00f1o acto cuenta: desde la selecci\u00f3n de la prenda hasta la manera en que se nutre el cuerpo. En un mundo donde la moda se considera ef\u00edmera, las acciones matutinas se convierten en eslabones fundamentales que conectan lo cotidiano con lo extraordinario. As\u00ed que, \u00a1a despertar y brillar con cada nuevo amanecer!<\/p>\n<p><em> &#8221; Fuentes www.vogue.com &#8221; <\/em><\/p>\n","protected":false},"excerpt":{"rendered":"<p>Despierta Tu Estilo: Rituales Matutinos que Transforman Tu D\u00eda La ma\u00f1ana es un instante m\u00e1gico, una p\u00e1gina en blanco donde se gesta el estilo del d\u00eda. En el vertiginoso mundo actual, donde cada segundo cuenta, establecer un ritual matutino se convierte en una estrategia esencial para marcar la diferencia y preparar el escenario para lo [&hellip;]<\/p>\n","protected":false},"author":14,"featured_media":1123769,"comment_status":"open","ping_status":"closed","sticky":false,"template":"","format":"standard","meta":{"om_disable_all_campaigns":false,"jnews-multi-image_gallery":[],"jnews_single_post":[],"jnews_primary_category":[],"jnews_social_meta":[],"footnotes":""},"categories":[144872],"tags":[91518,530,309,208,22399,56965,77016,225604,503,87099,81003,209],"class_list":["post-1123768","post","type-post","status-publish","format-standard","has-post-thumbnail","hentry","category-fashion","tag-easy","tag-health","tag-lifestyle","tag-mental-health","tag-mindfulness","tag-morning","tag-productivity","tag-rituals","tag-routine","tag-self-care","tag-sleep","tag-wellness"],"_links":{"self":[{"href":"https:\/\/dimensionturistica.com\/es\/wp-json\/wp\/v2\/posts\/1123768","targetHints":{"allow":["GET"]}}],"collection":[{"href":"https:\/\/dimensionturistica.com\/es\/wp-json\/wp\/v2\/posts"}],"about":[{"href":"https:\/\/dimensionturistica.com\/es\/wp-json\/wp\/v2\/types\/post"}],"author":[{"embeddable":true,"href":"https:\/\/dimensionturistica.com\/es\/wp-json\/wp\/v2\/users\/14"}],"replies":[{"embeddable":true,"href":"https:\/\/dimensionturistica.com\/es\/wp-json\/wp\/v2\/comments?post=1123768"}],"version-history":[{"count":1,"href":"https:\/\/dimensionturistica.com\/es\/wp-json\/wp\/v2\/posts\/1123768\/revisions"}],"predecessor-version":[{"id":1123770,"href":"https:\/\/dimensionturistica.com\/es\/wp-json\/wp\/v2\/posts\/1123768\/revisions\/1123770"}],"wp:featuredmedia":[{"embeddable":true,"href":"https:\/\/dimensionturistica.com\/es\/wp-json\/wp\/v2\/media\/1123769"}],"wp:attachment":[{"href":"https:\/\/dimensionturistica.com\/es\/wp-json\/wp\/v2\/media?parent=1123768"}],"wp:term":[{"taxonomy":"category","embeddable":true,"href":"https:\/\/dimensionturistica.com\/es\/wp-json\/wp\/v2\/categories?post=1123768"},{"taxonomy":"post_tag","embeddable":true,"href":"https:\/\/dimensionturistica.com\/es\/wp-json\/wp\/v2\/tags?post=1123768"}],"curies":[{"name":"wp","href":"https:\/\/api.w.org\/{rel}","templated":true}]}}