{"id":1123763,"date":"2026-03-12T19:48:47","date_gmt":"2026-03-12T19:48:47","guid":{"rendered":"https:\/\/dimensionturistica.com\/es\/?p=1123763"},"modified":"2026-03-12T19:48:47","modified_gmt":"2026-03-12T19:48:47","slug":"controversia-por-los-desplazamientos-de-manuel-adorni-que-activos-reporto-el-jefe-de-gabinete","status":"publish","type":"post","link":"https:\/\/dimensionturistica.com\/es\/controversia-por-los-desplazamientos-de-manuel-adorni-que-activos-reporto-el-jefe-de-gabinete\/","title":{"rendered":"Controversia por los desplazamientos de Manuel Adorni: qu\u00e9 activos report\u00f3 el jefe de Gabinete."},"content":{"rendered":"<h3>Viajes y Transparencia: Un Dilema en el Turismo Actual<\/h3>\n<p>En el contexto actual, donde viajar se ha convertido en una experiencia casi indispensable para muchos, surgen debates que no solo nos invitan a reflexionar sobre el turismo, sino tambi\u00e9n sobre la \u00e9tica que lo rodea. Este art\u00edculo examina el delicado equilibrio entre el placer de explorar nuevos destinos y la necesidad de la transparencia en el manejo de recursos p\u00fablicos.<\/p>\n<p>Recientemente, un personaje clave en el gobierno argentino ha acaparado la atenci\u00f3n medi\u00e1tica debido a los viajes que ha realizado y a las controversias generadas a su alrededor. No se trata solo de la aventura de descubrir nuevos lugares, sino tambi\u00e9n de la responsabilidad que conlleva el uso de fondos p\u00fablicos para tales fines. Este caso presenta una oportunidad \u00fanica para considerar qu\u00e9 implica realmente viajar representando al Estado.<\/p>\n<p><strong>La Relaci\u00f3n entre Viajes y Recursos P\u00fablicos<\/strong><\/p>\n<p>Los viajes oficiales son, en teor\u00eda, una parte integral de la actividad gubernamental, permitiendo que los l\u00edderes forjen relaciones y promuevan intereses nacionales. Sin embargo, la falta de una rendici\u00f3n de cuentas clara puede llevar a situaciones cuestionables que incomodan a la ciudadan\u00eda. En este sentido, la confianza se vuelve esencial para el turismo, no solo en lo que respecta a las autoridades, sino tambi\u00e9n en c\u00f3mo estas decisiones impactan en la percepci\u00f3n p\u00fablica del sector.<\/p>\n<p><strong>Transparencia: Un Valor A\u00f1adido<\/strong><\/p>\n<p>La transparencia en la administraci\u00f3n p\u00fablica es un pilar fundamental para el desarrollo sostenible del turismo. Cuando los ciudadanos tienen acceso a informaci\u00f3n clara sobre c\u00f3mo y por qu\u00e9 se realizan ciertos viajes, se fomenta una cultura de confianza. Adem\u00e1s, este principio puede incluir la promoci\u00f3n del turismo responsable, que implica no solo disfrutar de nuevas culturas y experiencias, sino tambi\u00e9n respetar y apoyar a las comunidades anfitrionas.<\/p>\n<p><strong>Impacto en la Industria Tur\u00edstica<\/strong><\/p>\n<p>Los esc\u00e1ndalos asociados a la falta de transparencia no solo afectan la imagen de quienes est\u00e1n en el poder, sino que tambi\u00e9n pueden repercutir negativamente en la industria tur\u00edstica en su conjunto. Los potenciales viajeros pueden verse desalentados a visitar un pa\u00eds donde los l\u00edderes no rinden cuentas sobre sus acciones, lo que genera un efecto domin\u00f3 que puede perjudicar el crecimiento econ\u00f3mico y la percepci\u00f3n internacional de un destino.<\/p>\n<p><strong>La Oportunidad de Aprender<\/strong><\/p>\n<p>As\u00ed, la situaci\u00f3n actual presenta no solo un desaf\u00edo, sino tambi\u00e9n una lecci\u00f3n para el sector tur\u00edstico. La necesidad de adoptar pr\u00e1cticas m\u00e1s transparentes y responsables es inminente. Las plataformas digitales pueden jugar un papel crucial en esto, permitiendo un acceso m\u00e1s f\u00e1cil a informaci\u00f3n relevante y posibilitando una conversaci\u00f3n abierta entre los ciudadanos y sus representantes.<\/p>\n<p><strong>Conclusion: Viajar con Prop\u00f3sito<\/strong><\/p>\n<p>Viajar deber\u00eda ser un acto que celebre la diversidad cultural y promueva el entendimiento mutuo. En un mundo interconectado, es fundamental que los l\u00edderes, as\u00ed como los ciudadanos, aborden estos temas con la seriedad que merecen. La etimolog\u00eda de viaje no solo implica moverse de un lugar a otro; tambi\u00e9n conlleva la responsabilidad de hacerlo de manera \u00e9tica y consciente. Solo as\u00ed se podr\u00e1 evolucionar hacia un turismo que no solo enriquezca a los viajeros, sino que tambi\u00e9n beneficie a las comunidades locales y mantenga la integridad de nuestras instituciones.<\/p>\n<p><em> &#8221; Fuentes chequeado.com &#8221; <\/em><\/p>\n","protected":false},"excerpt":{"rendered":"<p>Viajes y Transparencia: Un Dilema en el Turismo Actual En el contexto actual, donde viajar se ha convertido en una experiencia casi indispensable para muchos, surgen debates que no solo nos invitan a reflexionar sobre el turismo, sino tambi\u00e9n sobre la \u00e9tica que lo rodea. Este art\u00edculo examina el delicado equilibrio entre el placer de [&hellip;]<\/p>\n","protected":false},"author":4,"featured_media":1123764,"comment_status":"open","ping_status":"closed","sticky":false,"template":"","format":"standard","meta":{"om_disable_all_campaigns":false,"jnews-multi-image_gallery":[],"jnews_single_post":[],"jnews_primary_category":[],"jnews_social_meta":[],"footnotes":""},"categories":[39],"tags":[26777,138976,1918,271063,135038,4872,545],"class_list":["post-1123763","post","type-post","status-publish","format-standard","has-post-thumbnail","hentry","category-viajes","tag-bienes","tag-controversia","tag-declaracion","tag-jefe-de-gabinete","tag-manuel-adorni","tag-polemica","tag-viajes"],"_links":{"self":[{"href":"https:\/\/dimensionturistica.com\/es\/wp-json\/wp\/v2\/posts\/1123763","targetHints":{"allow":["GET"]}}],"collection":[{"href":"https:\/\/dimensionturistica.com\/es\/wp-json\/wp\/v2\/posts"}],"about":[{"href":"https:\/\/dimensionturistica.com\/es\/wp-json\/wp\/v2\/types\/post"}],"author":[{"embeddable":true,"href":"https:\/\/dimensionturistica.com\/es\/wp-json\/wp\/v2\/users\/4"}],"replies":[{"embeddable":true,"href":"https:\/\/dimensionturistica.com\/es\/wp-json\/wp\/v2\/comments?post=1123763"}],"version-history":[{"count":1,"href":"https:\/\/dimensionturistica.com\/es\/wp-json\/wp\/v2\/posts\/1123763\/revisions"}],"predecessor-version":[{"id":1123765,"href":"https:\/\/dimensionturistica.com\/es\/wp-json\/wp\/v2\/posts\/1123763\/revisions\/1123765"}],"wp:featuredmedia":[{"embeddable":true,"href":"https:\/\/dimensionturistica.com\/es\/wp-json\/wp\/v2\/media\/1123764"}],"wp:attachment":[{"href":"https:\/\/dimensionturistica.com\/es\/wp-json\/wp\/v2\/media?parent=1123763"}],"wp:term":[{"taxonomy":"category","embeddable":true,"href":"https:\/\/dimensionturistica.com\/es\/wp-json\/wp\/v2\/categories?post=1123763"},{"taxonomy":"post_tag","embeddable":true,"href":"https:\/\/dimensionturistica.com\/es\/wp-json\/wp\/v2\/tags?post=1123763"}],"curies":[{"name":"wp","href":"https:\/\/api.w.org\/{rel}","templated":true}]}}