{"id":1123735,"date":"2026-03-12T18:59:45","date_gmt":"2026-03-12T18:59:45","guid":{"rendered":"https:\/\/dimensionturistica.com\/es\/?p=1123735"},"modified":"2026-03-12T18:59:45","modified_gmt":"2026-03-12T18:59:45","slug":"coleccion-otono-invierno-2026-moda-listo-para-llevar-de-valentino","status":"publish","type":"post","link":"https:\/\/dimensionturistica.com\/es\/coleccion-otono-invierno-2026-moda-listo-para-llevar-de-valentino\/","title":{"rendered":"Colecci\u00f3n Oto\u00f1o-Invierno 2026: Moda Listo para Llevar de Valentino"},"content":{"rendered":"<p><strong>Valentino: Un Viaje Visual a la Esencia del Oto\u00f1o 2026<\/strong><\/p>\n<p>La pasarela de Valentino para la temporada de Oto\u00f1o 2026 no se limit\u00f3 a desfiles; fue un fest\u00edn sensorial que captur\u00f3 la imaginaci\u00f3n y redefini\u00f3 la est\u00e9tica contempor\u00e1nea de la moda. Con la majestuosidad caracter\u00edstica de la casa italiana, cada pieza presentada fue un testimonio de la habilidad artesanal que ha definido a la marca a lo largo de los a\u00f1os.<\/p>\n<h3>Una Paleta de Colores que Canta<\/h3>\n<p>La colecci\u00f3n brill\u00f3 con una rica gama de colores, donde los tonos profundos y saturados se entrelazaban con matices m\u00e1s suaves. Los mejores dise\u00f1adores saben que la elecci\u00f3n del color puede transformar un simple atuendo en una obra maestra, y Valentino no decepcion\u00f3. Desde el rojo ic\u00f3nico de la marca hasta verdes esmeralda y azules profundos, cada color evoc\u00f3 emociones y un sentido de atm\u00f3sfera \u00fanica.<\/p>\n<h3>Siluetas Din\u00e1micas<\/h3>\n<p>Las siluetas presentadas en la pasarela desafiaron las convenciones. Con un enfoque audaz en la estructura y la ca\u00edda, las prendas abrazaban el cuerpo de manera que resaltaba la forma sin perder la elegancia. Los drapeados y las capas a\u00f1adieron un toque de movimiento, creando una danza visual a medida que los modelos caminaban, capturando la atenci\u00f3n de todos los presentes. La fusi\u00f3n entre lo cl\u00e1sico y lo vanguardista se evidenci\u00f3 en cada costura.<\/p>\n<h3>Detalles que Cautivan<\/h3>\n<p>La atenci\u00f3n al detalle fue, sin duda, uno de los pilares de esta presentaci\u00f3n. Aplicaciones de encaje y bordados meticulosamente elaborados aportaron un aire de sofisticaci\u00f3n. Cada atuendo se convirti\u00f3 en un lienzo, donde la artesan\u00eda se un\u00eda a una visi\u00f3n contempor\u00e1nea. Esta amalgama entre lo tradicional y lo innovador resuena con una audiencia que busca autenticidad en un mundo en constante cambio.<\/p>\n<h3>La Influencia del Pasado en el Futuro<\/h3>\n<p>Valentino se atrevi\u00f3 a remitirse a \u00e9pocas pasadas, incorporando elementos retro que se sintieron frescos y relevantes. Tomando inspiraciones de los 80 y 90, la colecci\u00f3n mostr\u00f3 lo que significa reinterpretar el legado, recordando a los fashionistas que la historia siempre deja su huella en el presente.<\/p>\n<h3>La Experiencia Sensorial<\/h3>\n<p>M\u00e1s all\u00e1 de la ropa, la presentaci\u00f3n se transform\u00f3 en una experiencia inmersiva. La ambientaci\u00f3n, la m\u00fasica y la iluminaci\u00f3n se conjugaron para envolver a los asistentes en un aura de sofisticaci\u00f3n. Cada detalle fue cuidadosamente dise\u00f1ado para que la audiencia viviera no solo una exhibici\u00f3n de moda, sino un verdadero espect\u00e1culo art\u00edstico.<\/p>\n<h3>Un Mensaje Claro<\/h3>\n<p>A medida que el evento avanzaba, la narrativa de la colecci\u00f3n se hizo evidente: la moda es, ante todo, una forma de expresi\u00f3n. Valentino adem\u00e1s explor\u00f3 temas de individualidad y libertad, invitando a todos a encontrar su propio estilo en un panorama donde la uniformidad a menudo predomina.<\/p>\n<h3>La Expectativa de lo Que Viene<\/h3>\n<p>Los ecos de la pasarela resonar\u00e1n en el \u00e1mbito de la moda durante toda la temporada. La presentaci\u00f3n de Valentino no solo fij\u00f3 tendencias, sino que tambi\u00e9n plante\u00f3 preguntas sobre la direcci\u00f3n futura de la moda: \u00bfhasta d\u00f3nde est\u00e1 dispuesta a llegar la creatividad? La industria observa atentamente, y con cada mirada, crece la expectativa de las pr\u00f3ximas innovaciones.<\/p>\n<p>En resumen, la pasarela de Valentino en Oto\u00f1o 2026 se establece como un referente ineludible para la temporada. Con una combinaci\u00f3n magistral de color, forma y sustancia, la marca no solo mostr\u00f3 su maestr\u00eda t\u00e9cnica, sino que tambi\u00e9n volvi\u00f3 a encender la pasi\u00f3n por la moda en todas sus dimensiones. \u00a1Prep\u00e1rate, porque Valentino ha dejado una huella imborrable en el universo fashion!<\/p>\n<p><em> &#8221; Fuentes www.vogue.com &#8221; <\/em><\/p>\n","protected":false},"excerpt":{"rendered":"<p>Valentino: Un Viaje Visual a la Esencia del Oto\u00f1o 2026 La pasarela de Valentino para la temporada de Oto\u00f1o 2026 no se limit\u00f3 a desfiles; fue un fest\u00edn sensorial que captur\u00f3 la imaginaci\u00f3n y redefini\u00f3 la est\u00e9tica contempor\u00e1nea de la moda. Con la majestuosidad caracter\u00edstica de la casa italiana, cada pieza presentada fue un testimonio [&hellip;]<\/p>\n","protected":false},"author":14,"featured_media":1123736,"comment_status":"open","ping_status":"closed","sticky":false,"template":"","format":"standard","meta":{"om_disable_all_campaigns":false,"jnews-multi-image_gallery":[],"jnews_single_post":[],"jnews_primary_category":[],"jnews_social_meta":[],"footnotes":""},"categories":[144872],"tags":[130092,18839,89166,253544,263769,166,192704,8774,160469,94447,200339,372,6194,206267],"class_list":["post-1123735","post","type-post","status-publish","format-standard","has-post-thumbnail","hentry","category-fashion","tag-apparel","tag-collection","tag-designer","tag-fall-2026","tag-fall-2026-ready-to-wear","tag-fashion","tag-haute-couture","tag-luxury","tag-ready-to-wear","tag-runway","tag-runway_review","tag-style","tag-trends","tag-valentino"],"_links":{"self":[{"href":"https:\/\/dimensionturistica.com\/es\/wp-json\/wp\/v2\/posts\/1123735","targetHints":{"allow":["GET"]}}],"collection":[{"href":"https:\/\/dimensionturistica.com\/es\/wp-json\/wp\/v2\/posts"}],"about":[{"href":"https:\/\/dimensionturistica.com\/es\/wp-json\/wp\/v2\/types\/post"}],"author":[{"embeddable":true,"href":"https:\/\/dimensionturistica.com\/es\/wp-json\/wp\/v2\/users\/14"}],"replies":[{"embeddable":true,"href":"https:\/\/dimensionturistica.com\/es\/wp-json\/wp\/v2\/comments?post=1123735"}],"version-history":[{"count":1,"href":"https:\/\/dimensionturistica.com\/es\/wp-json\/wp\/v2\/posts\/1123735\/revisions"}],"predecessor-version":[{"id":1123737,"href":"https:\/\/dimensionturistica.com\/es\/wp-json\/wp\/v2\/posts\/1123735\/revisions\/1123737"}],"wp:featuredmedia":[{"embeddable":true,"href":"https:\/\/dimensionturistica.com\/es\/wp-json\/wp\/v2\/media\/1123736"}],"wp:attachment":[{"href":"https:\/\/dimensionturistica.com\/es\/wp-json\/wp\/v2\/media?parent=1123735"}],"wp:term":[{"taxonomy":"category","embeddable":true,"href":"https:\/\/dimensionturistica.com\/es\/wp-json\/wp\/v2\/categories?post=1123735"},{"taxonomy":"post_tag","embeddable":true,"href":"https:\/\/dimensionturistica.com\/es\/wp-json\/wp\/v2\/tags?post=1123735"}],"curies":[{"name":"wp","href":"https:\/\/api.w.org\/{rel}","templated":true}]}}