{"id":1123693,"date":"2026-03-12T17:16:43","date_gmt":"2026-03-12T17:16:43","guid":{"rendered":"https:\/\/dimensionturistica.com\/es\/?p=1123693"},"modified":"2026-03-12T17:16:43","modified_gmt":"2026-03-12T17:16:43","slug":"marco-de-vincenzo-se-despide-de-su-rol-como-director-creativo-en-etro","status":"publish","type":"post","link":"https:\/\/dimensionturistica.com\/es\/marco-de-vincenzo-se-despide-de-su-rol-como-director-creativo-en-etro\/","title":{"rendered":"Marco De Vincenzo se Despide de su Rol como Director Creativo en Etro"},"content":{"rendered":"<h3>Un Cambio Radical en Etro: La Partida de Marco De Vincenzo<\/h3>\n<p>En el din\u00e1mico mundo de la moda, los cambios son una constante, y el reciente anuncio sobre la salida de Marco De Vincenzo de su puesto como director creativo de Etro ha sacudido los cimientos de la industria. Este movimiento, inesperado para muchos, ha puesto en el centro de atenci\u00f3n no solo a la marca italiana sino tambi\u00e9n a las tendencias que podr\u00edan definir el futuro inmediato.<\/p>\n<h3>El Legado de De Vincenzo en Etro<\/h3>\n<p>Desde su llegada en 2021, De Vincenzo hab\u00eda caracterizado a Etro con su visi\u00f3n audaz y vanguardista, introduciendo elementos frescos y contempor\u00e1neos a una marca con una rica historia en el uso de estampados y tejidos de alta calidad. Sus colecciones no solo reflejaron la herencia bohemia de la casa, sino que tambi\u00e9n aportaron una nueva energ\u00eda, fusionando la tradici\u00f3n con la modernidad. Su capacidad para reinterpretar los ic\u00f3nicos motivos paisley y otras insignias de la marca sent\u00f3 un precedente que despert\u00f3 el inter\u00e9s de una nueva generaci\u00f3n de fashionistas.<\/p>\n<h3>\u00bfQu\u00e9 Viene Despu\u00e9s?<\/h3>\n<p>La salida de De Vincenzo plantea numerosas preguntas sobre la direcci\u00f3n futura de Etro. Con su partida, la atenci\u00f3n se centra ahora en qui\u00e9n ocupar\u00e1 el codiciado puesto y c\u00f3mo esta elecci\u00f3n influir\u00e1 en la est\u00e9tica general de la marca. Las especulaciones sobre posibles sucesores ya han comenzado a surgir en el entorno de la moda, alimentando una discusi\u00f3n p\u00fablica sobre lo que significa realmente asumir la direcci\u00f3n creativa de una marca que, a lo largo de los a\u00f1os, ha sido sin\u00f3nimo de elegancia y sofisticaci\u00f3n.<\/p>\n<h3>Impacto en la Industria<\/h3>\n<p>El hecho de que una figura como De Vincenzo deje su cargo abre un debate m\u00e1s amplio sobre la inestabilidad y las exigencias de la industria de la moda contempor\u00e1nea. En un panorama donde la rapidez y la innovaci\u00f3n son clave, las decisiones estrat\u00e9gicas se convierten en puntos focales para las marcas. El cambio en la direcci\u00f3n creativa puede convertirse en un catalizador para redefinir no solo la identidad de la marca, sino tambi\u00e9n su relaci\u00f3n con el consumidor y el mercado global.<\/p>\n<h3>La Reacci\u00f3n del P\u00fablico<\/h3>\n<p>Entre dise\u00f1adores, cr\u00edticos y aficionados de la moda, la noticia ha provocado una ola de reacciones. Muchos han expresado su pesar por la salida de un creativo que fue capaz de imprimir su sello personal en cada colecci\u00f3n, mientras que otros esperan ver c\u00f3mo Etro reacciona ante este nuevo cap\u00edtulo. Las redes sociales han estallado con comentarios y teor\u00edas, subrayando el impacto emocional que esta noticia ha generado en una comunidad apasionada por la moda.<\/p>\n<h3>El Futuro de Etro<\/h3>\n<p>La pregunta que permea el aire es: \u00bfqu\u00e9 futuro le espera a Etro sin De Vincenzo? Aunque ya se anticipan grandes cambios, el legado que deja este dise\u00f1ador podr\u00eda seguir inspirando nuevas propuestas y colaboraciones. La pr\u00f3xima temporada ser\u00e1 un espejo en el que se reflejen no solo las decisiones estrat\u00e9gicas de la marca, sino tambi\u00e9n el esp\u00edritu resiliente de la moda misma.<\/p>\n<p>Como siempre, el mundo de la moda est\u00e1 en constante evoluci\u00f3n, y este es solo un nuevo cap\u00edtulo en una historia llena de innovaci\u00f3n, creatividad y sorpresas. Los seguidores de la marca y los entusiastas de la moda deber\u00edan estar atentos, ya que el desenlace de esta transici\u00f3n podr\u00eda dar lugar a un momento decisivo en la historia de Etro.<\/p>\n<p><em> &#8221; Fuentes www.vogue.com &#8221; <\/em><\/p>\n","protected":false},"excerpt":{"rendered":"<p>Un Cambio Radical en Etro: La Partida de Marco De Vincenzo En el din\u00e1mico mundo de la moda, los cambios son una constante, y el reciente anuncio sobre la salida de Marco De Vincenzo de su puesto como director creativo de Etro ha sacudido los cimientos de la industria. Este movimiento, inesperado para muchos, ha [&hellip;]<\/p>\n","protected":false},"author":14,"featured_media":1123694,"comment_status":"open","ping_status":"closed","sticky":false,"template":"","format":"standard","meta":{"om_disable_all_campaigns":false,"jnews-multi-image_gallery":[],"jnews_single_post":[],"jnews_primary_category":[],"jnews_social_meta":[],"footnotes":""},"categories":[144872],"tags":[171202,89166,211356,147302,166,127523,69354,170969,271030],"class_list":["post-1123693","post","type-post","status-publish","format-standard","has-post-thumbnail","hentry","category-fashion","tag-creative-director","tag-designer","tag-etro","tag-exit","tag-fashion","tag-fashion-industry","tag-latest","tag-luxury-brand","tag-marco-de-vincenzo"],"_links":{"self":[{"href":"https:\/\/dimensionturistica.com\/es\/wp-json\/wp\/v2\/posts\/1123693","targetHints":{"allow":["GET"]}}],"collection":[{"href":"https:\/\/dimensionturistica.com\/es\/wp-json\/wp\/v2\/posts"}],"about":[{"href":"https:\/\/dimensionturistica.com\/es\/wp-json\/wp\/v2\/types\/post"}],"author":[{"embeddable":true,"href":"https:\/\/dimensionturistica.com\/es\/wp-json\/wp\/v2\/users\/14"}],"replies":[{"embeddable":true,"href":"https:\/\/dimensionturistica.com\/es\/wp-json\/wp\/v2\/comments?post=1123693"}],"version-history":[{"count":1,"href":"https:\/\/dimensionturistica.com\/es\/wp-json\/wp\/v2\/posts\/1123693\/revisions"}],"predecessor-version":[{"id":1123695,"href":"https:\/\/dimensionturistica.com\/es\/wp-json\/wp\/v2\/posts\/1123693\/revisions\/1123695"}],"wp:featuredmedia":[{"embeddable":true,"href":"https:\/\/dimensionturistica.com\/es\/wp-json\/wp\/v2\/media\/1123694"}],"wp:attachment":[{"href":"https:\/\/dimensionturistica.com\/es\/wp-json\/wp\/v2\/media?parent=1123693"}],"wp:term":[{"taxonomy":"category","embeddable":true,"href":"https:\/\/dimensionturistica.com\/es\/wp-json\/wp\/v2\/categories?post=1123693"},{"taxonomy":"post_tag","embeddable":true,"href":"https:\/\/dimensionturistica.com\/es\/wp-json\/wp\/v2\/tags?post=1123693"}],"curies":[{"name":"wp","href":"https:\/\/api.w.org\/{rel}","templated":true}]}}