{"id":1123547,"date":"2026-03-12T10:22:43","date_gmt":"2026-03-12T10:22:43","guid":{"rendered":"https:\/\/dimensionturistica.com\/es\/?p=1123547"},"modified":"2026-03-12T10:22:43","modified_gmt":"2026-03-12T10:22:43","slug":"bella-hadid-se-prepara-para-el-ano-del-caballo","status":"publish","type":"post","link":"https:\/\/dimensionturistica.com\/es\/bella-hadid-se-prepara-para-el-ano-del-caballo\/","title":{"rendered":"Bella Hadid se prepara para el A\u00f1o del Caballo"},"content":{"rendered":"<h3>La Influencia de Bella Hadid en la Belleza Moderna: Un Viaje a Trav\u00e9s de la Est\u00e9tica<\/h3>\n<p>En el vertiginoso mundo de la moda, pocos nombres resuenan con tanta fuerza como Bella Hadid. Esta supermodelo, conocida por su inconfundible belleza y su presencia en pasarelas de prestigio, est\u00e1 redefiniendo los est\u00e1ndares de la est\u00e9tica contempor\u00e1nea. Su enfoque hacia la belleza es tan cautivador como su carrera, y su impacto va m\u00e1s all\u00e1 de lo visual, tocando aspectos culturales y sociales que resuenan en una generaci\u00f3n \u00e1vida de autenticidad.<\/p>\n<h4>La Belleza como Expresi\u00f3n<\/h4>\n<p>Hadid ha declarado, en numerosas ocasiones, que su relaci\u00f3n con la belleza se basa en la autoexpresi\u00f3n. Ella aboga por la idea de que cada persona debe encontrar su propia voz est\u00e9tica. En un mundo saturado de filtros y est\u00e1ndares inalcanzables, Bella rompe con la norma, enfatizando que la verdadera belleza radica en la diversidad. Esta perspectiva ha inspirado a millones a reconfigurar c\u00f3mo se ven a s\u00ed mismos y c\u00f3mo se expresan a trav\u00e9s de la moda y el maquillaje.<\/p>\n<h4>Innovaciones en Maquillaje<\/h4>\n<p>Su colaboraci\u00f3n con marcas de prestigio ha hecho que los productos de belleza sean m\u00e1s accesibles. A trav\u00e9s de tutoriales y apariciones en redes sociales, Hadid comparte t\u00e9cnicas que animan a los seguidores a experimentar con su apariencia. Desde el maquillaje de &#8220;no maquillaje&#8221; hasta looks m\u00e1s dram\u00e1ticos, su habilidad para adaptarse a diferentes estilos ha generado un gran inter\u00e9s. La influencia de Bella se traduce en un aumento en la demanda de productos que promueven la individualidad.<\/p>\n<h4>La Sostenibilidad en la Moda<\/h4>\n<p>Adem\u00e1s de su belleza, Bella Hadid tambi\u00e9n ha tomado un rol protag\u00f3nico en la promoci\u00f3n de la sostenibilidad. Su participaci\u00f3n en campa\u00f1as que abogan por pr\u00e1cticas \u00e9ticas en la industria de la moda ha sido clave para concienciar sobre el impacto ambiental de nuestras elecciones. Ella no solo modela ropa; representa un cambio hacia un futuro m\u00e1s responsable y consciente.<\/p>\n<h4>La Autenticidad como Estilo de Vida<\/h4>\n<p>Bella se ha convertido en un referente para aquellos que buscan autenticidad en un mundo superficial. Su enfoque genuino en la belleza, la moda y su propia vida personal resuena fuertemente, convirti\u00e9ndola en una figura admirable para la juventud. Abrazar la imperfecci\u00f3n y mostrar vulnerabilidad son principios que ella promueve activamente, creando un espacio donde las personas se sienten m\u00e1s libres para ser quienes son.<\/p>\n<h4>Conclusi\u00f3n<\/h4>\n<p>El viaje de Bella Hadid trasciende la moda y la belleza; se ha convertido en un fen\u00f3meno cultural que invita a todos a reexaminar lo que significa ser bello. En un entorno donde las normas cambian r\u00e1pidamente, su contribuci\u00f3n a la conversaci\u00f3n sobre la belleza y la autoexpresi\u00f3n se vuelve fundamental. A medida que continuamos explorando su influencia, no cabe duda de que Hadid seguir\u00e1 marcando pautas en la industria, inspirando a una nueva generaci\u00f3n a redescubrir su propia est\u00e9tica y autenticidad.<\/p>\n<p><em> &#8221; Fuentes www.vogue.com &#8221; <\/em><\/p>\n","protected":false},"excerpt":{"rendered":"<p>La Influencia de Bella Hadid en la Belleza Moderna: Un Viaje a Trav\u00e9s de la Est\u00e9tica En el vertiginoso mundo de la moda, pocos nombres resuenan con tanta fuerza como Bella Hadid. Esta supermodelo, conocida por su inconfundible belleza y su presencia en pasarelas de prestigio, est\u00e1 redefiniendo los est\u00e1ndares de la est\u00e9tica contempor\u00e1nea. Su [&hellip;]<\/p>\n","protected":false},"author":14,"featured_media":1123548,"comment_status":"open","ping_status":"closed","sticky":false,"template":"","format":"standard","meta":{"om_disable_all_campaigns":false,"jnews-multi-image_gallery":[],"jnews_single_post":[],"jnews_primary_category":[],"jnews_social_meta":[],"footnotes":""},"categories":[144872],"tags":[6495,211,200685,56,166,270977,309,6194,263368,76043],"class_list":["post-1123547","post","type-post","status-publish","format-standard","has-post-thumbnail","hentry","category-fashion","tag-6495","tag-astrology","tag-bella-hadid","tag-celebrity-news","tag-fashion","tag-horse-symbolism","tag-lifestyle","tag-trends","tag-year-of-the-horse","tag-zodiac"],"_links":{"self":[{"href":"https:\/\/dimensionturistica.com\/es\/wp-json\/wp\/v2\/posts\/1123547","targetHints":{"allow":["GET"]}}],"collection":[{"href":"https:\/\/dimensionturistica.com\/es\/wp-json\/wp\/v2\/posts"}],"about":[{"href":"https:\/\/dimensionturistica.com\/es\/wp-json\/wp\/v2\/types\/post"}],"author":[{"embeddable":true,"href":"https:\/\/dimensionturistica.com\/es\/wp-json\/wp\/v2\/users\/14"}],"replies":[{"embeddable":true,"href":"https:\/\/dimensionturistica.com\/es\/wp-json\/wp\/v2\/comments?post=1123547"}],"version-history":[{"count":1,"href":"https:\/\/dimensionturistica.com\/es\/wp-json\/wp\/v2\/posts\/1123547\/revisions"}],"predecessor-version":[{"id":1123549,"href":"https:\/\/dimensionturistica.com\/es\/wp-json\/wp\/v2\/posts\/1123547\/revisions\/1123549"}],"wp:featuredmedia":[{"embeddable":true,"href":"https:\/\/dimensionturistica.com\/es\/wp-json\/wp\/v2\/media\/1123548"}],"wp:attachment":[{"href":"https:\/\/dimensionturistica.com\/es\/wp-json\/wp\/v2\/media?parent=1123547"}],"wp:term":[{"taxonomy":"category","embeddable":true,"href":"https:\/\/dimensionturistica.com\/es\/wp-json\/wp\/v2\/categories?post=1123547"},{"taxonomy":"post_tag","embeddable":true,"href":"https:\/\/dimensionturistica.com\/es\/wp-json\/wp\/v2\/tags?post=1123547"}],"curies":[{"name":"wp","href":"https:\/\/api.w.org\/{rel}","templated":true}]}}