{"id":1123440,"date":"2026-03-12T05:07:57","date_gmt":"2026-03-12T05:07:57","guid":{"rendered":"https:\/\/dimensionturistica.com\/es\/?p=1123440"},"modified":"2026-03-12T05:07:57","modified_gmt":"2026-03-12T05:07:57","slug":"los-desplazamientos-en-tren-y-autobus-hacia-valencia-se-incrementan-un-53-este-fin-de-semana-para-disfrutar-de-las-fallas","status":"publish","type":"post","link":"https:\/\/dimensionturistica.com\/es\/los-desplazamientos-en-tren-y-autobus-hacia-valencia-se-incrementan-un-53-este-fin-de-semana-para-disfrutar-de-las-fallas\/","title":{"rendered":"Los desplazamientos en tren y autob\u00fas hacia Valencia se incrementan un 53% este fin de semana para disfrutar de las Fallas."},"content":{"rendered":"<h3>Valencia: El destino que enciende la pasi\u00f3n por las Fallas<\/h3>\n<p>La llegada del mes de marzo marca un momento especial en el calendario valenciano: las Fallas. Este festival, que combina arte, fuego y tradici\u00f3n, se convierte en un im\u00e1n atractivo para turistas de todo el mundo. Este fin de semana pasado, los medios de transporte, como trenes y autobuses, vieron un incremento notable del 53% en sus viajes hacia Valencia, evidenciando el fervor que despiertan estas celebraciones.<\/p>\n<h4>Un viaje que enciende los sentidos<\/h4>\n<p>Los viajes en tren a Valencia ofrecen no solo comodidad, sino tambi\u00e9n una experiencia visual \u00fanica. A medida que el tren se desplaza por los paisajes vibrantes de la Comunidad Valenciana, los pasajeros son recibidos por un emocionante ambiente que anticipa la llegada de las Fallas. Las estaciones se convierten en puntos de encuentro para quienes llegan con ganas de vivir el bullicio de esta fiesta patri\u00f3tica.<\/p>\n<p>Por su parte, los autobuses tambi\u00e9n han aumentado su capacidad, lo que demuestra la popularidad de este evento. Es un viaje que no solo conecta territorios, sino que tambi\u00e9n une corazones y culturas en un mismo resplandor festivo.<\/p>\n<h4>Las Fallas: Un espect\u00e1culo sin igual<\/h4>\n<p>El esp\u00edritu de las Fallas va m\u00e1s all\u00e1 de la erecta de gigantescas figuras de cart\u00f3n piedra. Las calles de Valencia se llenan de m\u00fasica, risas y un aroma inconfundible a p\u00f3lvora. Los fuegos artificiales illuminan el cielo nocturno, mientras que las bandas de m\u00fasica alegran a los asistentes. Las masclet\u00e0s, esos explosivos rituales pirot\u00e9cnicos, son un verdadero deleite para los o\u00eddos y el alma.<\/p>\n<p>Adem\u00e1s, los mercadillos artesanales y gastron\u00f3micos ofrecen a los visitantes la oportunidad de degustar platos t\u00edpicos, como la famosa paella, y descubrir souvenirs \u00fanicos que cuentan la historia de esta emblem\u00e1tica celebraci\u00f3n.<\/p>\n<h4>Un retorno a la tradici\u00f3n<\/h4>\n<p>El crecimiento en la demanda de viajes hacia Valencia no solo refleja un inter\u00e9s tur\u00edstico, sino tambi\u00e9n un deseo de conexi\u00f3n con las ra\u00edces culturales. Muchas personas que viajan a la ciudad aprovechan la oportunidad para participar en las tradiciones locales, desde la vestimenta t\u00edpica de las falleras hasta el ritual de las ofrendas a la Virgen de los Desamparados, cuya majestuosidad es dif\u00edcil de rivalizar.<\/p>\n<p>La uni\u00f3n de todas estas actividades crea un ambiente de camarader\u00eda entre locales y visitantes, todos unidos por la celebraci\u00f3n de la historia y la cultura valenciana.<\/p>\n<h4>Conclusi\u00f3n<\/h4>\n<p>Valencia, con sus calles llenas de color y vida, es un destino que atrae a quienes buscan una experiencia aut\u00e9ntica. Esta edici\u00f3n de las Fallas no solo ha logrado un r\u00e9cord en los viajes en tren y autob\u00fas, sino que tambi\u00e9n ha reavivado el inter\u00e9s por viajar de manera m\u00e1s sostenible. As\u00ed, el eco de la p\u00f3lvora y la alegr\u00eda de la fiesta se escuchan cada vez m\u00e1s all\u00e1 de las fronteras, invitando a todos a ser parte de una tradici\u00f3n que celebra la vida, la cultura y el arte en su m\u00e1xima expresi\u00f3n. \u00a1No te pierdas la oportunidad de vivir la magia de las Fallas en Valencia!<\/p>\n<p><em> &#8221; Fuentes nexotur.com &#8221; <\/em><\/p>\n","protected":false},"excerpt":{"rendered":"<p>Valencia: El destino que enciende la pasi\u00f3n por las Fallas La llegada del mes de marzo marca un momento especial en el calendario valenciano: las Fallas. Este festival, que combina arte, fuego y tradici\u00f3n, se convierte en un im\u00e1n atractivo para turistas de todo el mundo. Este fin de semana pasado, los medios de transporte, [&hellip;]<\/p>\n","protected":false},"author":4,"featured_media":1123441,"comment_status":"open","ping_status":"closed","sticky":false,"template":"","format":"standard","meta":{"om_disable_all_campaigns":false,"jnews-multi-image_gallery":[],"jnews_single_post":[],"jnews_primary_category":[],"jnews_social_meta":[],"footnotes":""},"categories":[39],"tags":[270929],"class_list":["post-1123440","post","type-post","status-publish","format-standard","has-post-thumbnail","hentry","category-viajes","tag-viajes-tren-autobus-valencia-aumento-53-fin-de-semana-fallas-turismo-transporte"],"_links":{"self":[{"href":"https:\/\/dimensionturistica.com\/es\/wp-json\/wp\/v2\/posts\/1123440","targetHints":{"allow":["GET"]}}],"collection":[{"href":"https:\/\/dimensionturistica.com\/es\/wp-json\/wp\/v2\/posts"}],"about":[{"href":"https:\/\/dimensionturistica.com\/es\/wp-json\/wp\/v2\/types\/post"}],"author":[{"embeddable":true,"href":"https:\/\/dimensionturistica.com\/es\/wp-json\/wp\/v2\/users\/4"}],"replies":[{"embeddable":true,"href":"https:\/\/dimensionturistica.com\/es\/wp-json\/wp\/v2\/comments?post=1123440"}],"version-history":[{"count":1,"href":"https:\/\/dimensionturistica.com\/es\/wp-json\/wp\/v2\/posts\/1123440\/revisions"}],"predecessor-version":[{"id":1123442,"href":"https:\/\/dimensionturistica.com\/es\/wp-json\/wp\/v2\/posts\/1123440\/revisions\/1123442"}],"wp:featuredmedia":[{"embeddable":true,"href":"https:\/\/dimensionturistica.com\/es\/wp-json\/wp\/v2\/media\/1123441"}],"wp:attachment":[{"href":"https:\/\/dimensionturistica.com\/es\/wp-json\/wp\/v2\/media?parent=1123440"}],"wp:term":[{"taxonomy":"category","embeddable":true,"href":"https:\/\/dimensionturistica.com\/es\/wp-json\/wp\/v2\/categories?post=1123440"},{"taxonomy":"post_tag","embeddable":true,"href":"https:\/\/dimensionturistica.com\/es\/wp-json\/wp\/v2\/tags?post=1123440"}],"curies":[{"name":"wp","href":"https:\/\/api.w.org\/{rel}","templated":true}]}}