{"id":1123426,"date":"2026-03-12T04:25:45","date_gmt":"2026-03-12T04:25:45","guid":{"rendered":"https:\/\/dimensionturistica.com\/es\/?p=1123426"},"modified":"2026-03-12T04:25:45","modified_gmt":"2026-03-12T04:25:45","slug":"moda-en-los-oscar-18-de-los-atuendos-mas-controversiales-de-la-historia","status":"publish","type":"post","link":"https:\/\/dimensionturistica.com\/es\/moda-en-los-oscar-18-de-los-atuendos-mas-controversiales-de-la-historia\/","title":{"rendered":"Moda en los \u00d3scar: 18 de los Atuendos M\u00e1s Controversiales de la Historia"},"content":{"rendered":"<h2>La Pasarela de la Controversia: Vestidos Ic\u00f3nicos en la Alfombra Roja de los Oscars<\/h2>\n<p>La alfombra roja de los Oscars ha sido, desde su inicio, un escenario donde la moda y el cine se entrelazan en un espect\u00e1culo de glamour y elegancia. Sin embargo, a lo largo de los a\u00f1os, varios vestidos han desafiado la norma, provocando debates y generando titulares que a menudo eclipsan los premios mismos. Desde las propuestas audaces hasta los giros inesperados en el estilo, aqu\u00ed te presentamos algunas de las elecciones m\u00e1s controvertidas que han dejado huella en la historia de este evento.<\/p>\n<h3>La Revelaci\u00f3n del Cuerpo<\/h3>\n<p>Un momento que marc\u00f3 un antes y un despu\u00e9s fue la aparici\u00f3n de un vestido que dejaba poco a la imaginaci\u00f3n, resaltando no solo la figura de su portadora, sino tambi\u00e9n la libertad de expresi\u00f3n en la moda. Este tipo de elecci\u00f3n suele ser un arma de doble filo: mientras algunos aplauden la audacia, otros critican la falta de sutileza. En un evento como los Oscars, donde todo es observado, cada elecci\u00f3n es un riesgo calculado que puede desencadenar reacciones airadas o fervorosas.<\/p>\n<h3>Color y Texturas que Rompen Esquemas<\/h3>\n<p>Otra forma de controversia ha sido la elecci\u00f3n de colores y texturas poco convencionales. Un vestido que se alejaba del tradicional negro o el cl\u00e1sico nude provoc\u00f3 comentarios efervescentes, reafirmando que la moda puede ser una forma de rebeli\u00f3n. Las combinaciones audaces y las texturas inesperadas no solo capturan la mirada, sino que tambi\u00e9n desaf\u00edan las expectativas sobre lo que deber\u00eda ser un atuendo de gala.<\/p>\n<h3>Mensajes Pol\u00edticos y Sociales en la Moda<\/h3>\n<p>Algunas celebridades han utilizado su momento en la alfombra roja para abordar cuestiones sociales y pol\u00edticas, transformando sus vestidos en verdaderas declaraciones de intenciones. Esta tendencia ha generado di\u00e1logos sobre la responsabilidad de los artistas en el discurso p\u00fablico. Cuando un vestido cuenta una historia, su impacto va m\u00e1s all\u00e1 de su dise\u00f1o; provoca reflexi\u00f3n y conversaci\u00f3n entre los asistentes y la audiencia a nivel global.<\/p>\n<h3>El Factor Sorpresa<\/h3>\n<p>Imprevistos como cortes asim\u00e9tricos, vol\u00famenes exagerados o elementos de dise\u00f1o inesperados tambi\u00e9n han sacudido la pasarela de los Oscars. Estas elecciones radicales han generado tanto admiraci\u00f3n como cr\u00edticas, convirtiendo a sus creadoras en protagonistas no solo por sus talentos art\u00edsticos, sino por su disposici\u00f3n a romper los moldes establecidos.<\/p>\n<h3>Los Estilos que Marcaron \u00c9poca<\/h3>\n<p>Existen momentos hist\u00f3ricos que definieron no solo tendencias de moda, sino que tambi\u00e9n reflejaron el contexto social y cultural de su tiempo. Vestidos que rompieron con la norma se convirtieron en s\u00edmbolo de empoderamiento y cambio, estableciendo un di\u00e1logo entre la moda y la vida real que reson\u00f3 m\u00e1s all\u00e1 del evento.<\/p>\n<h3>Conclusiones sobre el Debate<\/h3>\n<p>La alfombra roja sigue siendo un espacio de expresi\u00f3n y, sobre todo, de controversia. La interacci\u00f3n entre el arte del vestuario y las opiniones p\u00fablicas crea un ciclo de intenci\u00f3n y reacci\u00f3n que transforma cada uno de estos momentos en algo memorable. A medida que las tendencias evolucionan, la expectativa sobre qu\u00e9 vestir\u00e1 cada estrella en su gran d\u00eda sigue generando un magnetismo irresistible y un evento en el que la moda, la pol\u00edtica y la cultura convergen de manera impresionante.<\/p>\n<p>Sin lugar a dudas, cada vestido que ha desfilado por la alfombra roja de los Oscars ha dejado una marca indeleble en el mundo de la moda, invitando a todos a cuestionar no solo qu\u00e9 llevamos puesto, sino lo que ese atuendo representa. Al final del d\u00eda, es la audacia en la elecci\u00f3n lo que asegura que la moda siga siendo un campo de batalla de ideas y un reflejo de la sociedad contempor\u00e1nea.<\/p>\n<p><em> &#8221; Fuentes www.vogue.com &#8221; <\/em><\/p>\n","protected":false},"excerpt":{"rendered":"<p>La Pasarela de la Controversia: Vestidos Ic\u00f3nicos en la Alfombra Roja de los Oscars La alfombra roja de los Oscars ha sido, desde su inicio, un escenario donde la moda y el cine se entrelazan en un espect\u00e1culo de glamour y elegancia. Sin embargo, a lo largo de los a\u00f1os, varios vestidos han desafiado la [&hellip;]<\/p>\n","protected":false},"author":14,"featured_media":1123428,"comment_status":"open","ping_status":"closed","sticky":false,"template":"","format":"standard","meta":{"om_disable_all_campaigns":false,"jnews-multi-image_gallery":[],"jnews_single_post":[],"jnews_primary_category":[],"jnews_social_meta":[],"footnotes":""},"categories":[144872],"tags":[198487,270926,166,198553,205232,76796,244504,92365,212121,165,200418],"class_list":["post-1123426","post","type-post","status-publish","format-standard","has-post-thumbnail","hentry","category-fashion","tag-celebrity-style","tag-controversial-looks","tag-fashion","tag-fashion-history","tag-film-awards","tag-glamour","tag-iconic-outfits","tag-oscars","tag-oscars-2026","tag-red-carpet","tag-style-trends"],"_links":{"self":[{"href":"https:\/\/dimensionturistica.com\/es\/wp-json\/wp\/v2\/posts\/1123426","targetHints":{"allow":["GET"]}}],"collection":[{"href":"https:\/\/dimensionturistica.com\/es\/wp-json\/wp\/v2\/posts"}],"about":[{"href":"https:\/\/dimensionturistica.com\/es\/wp-json\/wp\/v2\/types\/post"}],"author":[{"embeddable":true,"href":"https:\/\/dimensionturistica.com\/es\/wp-json\/wp\/v2\/users\/14"}],"replies":[{"embeddable":true,"href":"https:\/\/dimensionturistica.com\/es\/wp-json\/wp\/v2\/comments?post=1123426"}],"version-history":[{"count":1,"href":"https:\/\/dimensionturistica.com\/es\/wp-json\/wp\/v2\/posts\/1123426\/revisions"}],"predecessor-version":[{"id":1123430,"href":"https:\/\/dimensionturistica.com\/es\/wp-json\/wp\/v2\/posts\/1123426\/revisions\/1123430"}],"wp:featuredmedia":[{"embeddable":true,"href":"https:\/\/dimensionturistica.com\/es\/wp-json\/wp\/v2\/media\/1123428"}],"wp:attachment":[{"href":"https:\/\/dimensionturistica.com\/es\/wp-json\/wp\/v2\/media?parent=1123426"}],"wp:term":[{"taxonomy":"category","embeddable":true,"href":"https:\/\/dimensionturistica.com\/es\/wp-json\/wp\/v2\/categories?post=1123426"},{"taxonomy":"post_tag","embeddable":true,"href":"https:\/\/dimensionturistica.com\/es\/wp-json\/wp\/v2\/tags?post=1123426"}],"curies":[{"name":"wp","href":"https:\/\/api.w.org\/{rel}","templated":true}]}}