{"id":1123396,"date":"2026-03-12T02:41:53","date_gmt":"2026-03-12T02:41:53","guid":{"rendered":"https:\/\/dimensionturistica.com\/es\/?p=1123396"},"modified":"2026-03-12T02:41:53","modified_gmt":"2026-03-12T02:41:53","slug":"bella-hadid-evoca-la-estetica-y2k-con-flequillo-lateral","status":"publish","type":"post","link":"https:\/\/dimensionturistica.com\/es\/bella-hadid-evoca-la-estetica-y2k-con-flequillo-lateral\/","title":{"rendered":"Bella Hadid Evoca la Est\u00e9tica Y2K con Flequillo Lateral"},"content":{"rendered":"<h3>La Resurrecci\u00f3n del Estilo: La Tendencia de los Flequillos y Partes Laterales<\/h3>\n<p>En el mundo de la moda y la belleza, ciertas tendencias nunca se desvanecen por completo. En este momento, un look cl\u00e1sico ha resurgido con fuerza: el flequillo combinado con una parte lateral. Este estilo, que alguna vez fue el sello distintivo de icons del pasado, est\u00e1 conquistando nuevamente las alfombras rojas y las calles, impulsado por la innegable influencia de figuras como Bella Hadid.<\/p>\n<h4>Un Regreso Triunfal<\/h4>\n<p>A medida que los estilos evolucionan, la popularidad de este peinado se destaca por su versatilidad. \u00bfQu\u00e9 lo hace tan atractivo? La combinaci\u00f3n de un flequillo suave con una parte lateral a\u00f1ade un toque de sofisticaci\u00f3n y elegancia, permitiendo a quienes lo llevan expresar una fuerte personalidad sin renunciar a la frescura. Este look se adapta a diferentes tipos de cabello y formas de cara, invitando a los amantes de la moda a experimentar con su propio estilo.<\/p>\n<h4>Inspiraci\u00f3n de las Estrellas<\/h4>\n<p>La influencer y modelo Bella Hadid ha sido clave en el resurgimiento de esta tendencia. Su capacidad para combinar lo moderno con lo cl\u00e1sico ha hecho que muchas miradas se concentren en su estilo. Con cada aparici\u00f3n p\u00fablica, Hadid demuestra que este peinado no es solo una opci\u00f3n, sino una declaraci\u00f3n de intenciones. La parte lateral, complementada por un flequillo que enmarca el rostro, logra un equilibrio perfecto entre el desenfado y la elegancia.<\/p>\n<h4>C\u00f3mo Lograr el Look Perfecto<\/h4>\n<p>Para quienes desean adoptar esta tendencia, la t\u00e9cnica es fundamental. Un flequillo bien definido, combinado con una parte lateral sutil, puede transformar la apariencia de cualquier persona. Los expertos en belleza sugieren que el secreto radica en la personalizaci\u00f3n. La longitud y el grosor del flequillo pueden ajustarse para complementar la estructura facial, mientras que la parte lateral debe ser elegida en funci\u00f3n de la textura y la densidad del cabello.<\/p>\n<p>Adem\u00e1s, el uso de productos adecuados ser\u00e1 clave para mantener el estilo. Desde sprays texturizantes hasta serums para el brillo, cada detalle hace una diferencia notable en la presentaci\u00f3n final.<\/p>\n<h4>El Impacto en la Cultura Actual<\/h4>\n<p>M\u00e1s all\u00e1 de su atractivo est\u00e9tico, esta tendencia tambi\u00e9n refleja un cambio cultural. En un mundo donde lo ef\u00edmero y lo r\u00e1pido dominan, volver a lo cl\u00e1sico es un acto de rebeld\u00eda y autenticidad. La celebraci\u00f3n de estilos pasados muestra una apreciaci\u00f3n por la historia de la moda, as\u00ed como una b\u00fasqueda de identidad en una era saturada de opciones.<\/p>\n<h4>Conclusi\u00f3n: Un Look Sin Fin<\/h4>\n<p>El flequillo con parte lateral est\u00e1 aqu\u00ed para quedarse. Ya sea en eventos glamurosos o en el d\u00eda a d\u00eda, este estilo promete seguir marcando la pauta en el universo de la moda. Con figuras como Bella Hadid a la cabeza, esta tendencia evidencia que algunas cosas nunca pasan de moda, solo esperan su momento para resurgir con renovada fuerza. \u00bfTe atrever\u00edas a adoptar este look ic\u00f3nico en tu propio estilo? La respuesta podr\u00eda estar m\u00e1s cerca de lo que imaginas.<\/p>\n<p><em> &#8221; Fuentes www.vogue.com &#8221; <\/em><\/p>\n","protected":false},"excerpt":{"rendered":"<p>La Resurrecci\u00f3n del Estilo: La Tendencia de los Flequillos y Partes Laterales En el mundo de la moda y la belleza, ciertas tendencias nunca se desvanecen por completo. En este momento, un look cl\u00e1sico ha resurgido con fuerza: el flequillo combinado con una parte lateral. Este estilo, que alguna vez fue el sello distintivo de [&hellip;]<\/p>\n","protected":false},"author":14,"featured_media":1123397,"comment_status":"open","ping_status":"closed","sticky":false,"template":"","format":"standard","meta":{"om_disable_all_campaigns":false,"jnews-multi-image_gallery":[],"jnews_single_post":[],"jnews_primary_category":[],"jnews_social_meta":[],"footnotes":""},"categories":[144872],"tags":[201094,200435,200440,200685,237,198487,166,64792,89129,250764,130377,270921,97428],"class_list":["post-1123396","post","type-post","status-publish","format-standard","has-post-thumbnail","hentry","category-fashion","tag-2000s","tag-bangs","tag-beauty-trends","tag-bella-hadid","tag-celebrity","tag-celebrity-style","tag-fashion","tag-hair","tag-hairstyle","tag-hairstyle-inspiration","tag-pop-culture","tag-sideswept-bangs","tag-throwback"],"_links":{"self":[{"href":"https:\/\/dimensionturistica.com\/es\/wp-json\/wp\/v2\/posts\/1123396","targetHints":{"allow":["GET"]}}],"collection":[{"href":"https:\/\/dimensionturistica.com\/es\/wp-json\/wp\/v2\/posts"}],"about":[{"href":"https:\/\/dimensionturistica.com\/es\/wp-json\/wp\/v2\/types\/post"}],"author":[{"embeddable":true,"href":"https:\/\/dimensionturistica.com\/es\/wp-json\/wp\/v2\/users\/14"}],"replies":[{"embeddable":true,"href":"https:\/\/dimensionturistica.com\/es\/wp-json\/wp\/v2\/comments?post=1123396"}],"version-history":[{"count":1,"href":"https:\/\/dimensionturistica.com\/es\/wp-json\/wp\/v2\/posts\/1123396\/revisions"}],"predecessor-version":[{"id":1123398,"href":"https:\/\/dimensionturistica.com\/es\/wp-json\/wp\/v2\/posts\/1123396\/revisions\/1123398"}],"wp:featuredmedia":[{"embeddable":true,"href":"https:\/\/dimensionturistica.com\/es\/wp-json\/wp\/v2\/media\/1123397"}],"wp:attachment":[{"href":"https:\/\/dimensionturistica.com\/es\/wp-json\/wp\/v2\/media?parent=1123396"}],"wp:term":[{"taxonomy":"category","embeddable":true,"href":"https:\/\/dimensionturistica.com\/es\/wp-json\/wp\/v2\/categories?post=1123396"},{"taxonomy":"post_tag","embeddable":true,"href":"https:\/\/dimensionturistica.com\/es\/wp-json\/wp\/v2\/tags?post=1123396"}],"curies":[{"name":"wp","href":"https:\/\/api.w.org\/{rel}","templated":true}]}}