{"id":1123390,"date":"2026-03-12T02:18:28","date_gmt":"2026-03-12T02:18:28","guid":{"rendered":"https:\/\/dimensionturistica.com\/es\/?p=1123390"},"modified":"2026-03-12T02:18:28","modified_gmt":"2026-03-12T02:18:28","slug":"tres-secretos-de-estilo-desde-la-ciudad-luz","status":"publish","type":"post","link":"https:\/\/dimensionturistica.com\/es\/tres-secretos-de-estilo-desde-la-ciudad-luz\/","title":{"rendered":"Tres Secretos de Estilo desde la Ciudad Luz"},"content":{"rendered":"<h3>Descubriendo la Belleza de Par\u00eds: Tres Claves para Resplandecer<\/h3>\n<p>Par\u00eds, la rom\u00e1ntica capital de Francia, no solo es famosa por su arquitectura ic\u00f3nica y rica historia, sino tambi\u00e9n por ser un faro de estilo y elegancia. Los secretos de la belleza parisina han fascinado a generaciones, y en este viaje por la Ciudad de la Luz, exploramos tres aspectos clave que pueden inspirarte a brillar con una luz propia.<\/p>\n<h4>1. La Sencillez Elegante<\/h4>\n<p>Una de las caracter\u00edsticas m\u00e1s destacadas de la belleza parisina es su enfoque en la simplicidad. Las parisinas suelen optar por un maquillaje sutil y un peinado natural que resalta su belleza aut\u00e9ntica. Este estilo minimalista no solo ahorra tiempo, sino que tambi\u00e9n permite que cada persona se sienta c\u00f3moda en su propia piel. Un buen truco es centrarte en el cuidado de la piel; una piel sana y luminosa es el mejor accesorio que puedes llevar. Inclusive, muchas mujeres francesas prefieren productos de calidad sobre una amplia variedad, eligiendo aquellos que realzan su belleza natural y ofrecen resultados duraderos.<\/p>\n<h4>2. La Moda como Expresi\u00f3n Personal<\/h4>\n<p>Par\u00eds es reconocida como una de las capitales de la moda, pero m\u00e1s all\u00e1 de las pasarelas glamorosas, la moda en la vida cotidiana se convierte en una poderosa forma de expresi\u00f3n personal. Aqu\u00ed, la moda no se trata de seguir tendencias, sino de adaptarlas a tu estilo y personalidad. Utilizar prendas b\u00e1sicas, pero bien ajustadas, y complementarlas con accesorios que reflejen qui\u00e9n eres, es la clave. La libertad de experimentar con diferentes estilos, combinando lo chic con lo casual, permite a cada individuo encontrar su propio sello distintivo.<\/p>\n<h4>3. La Confianza como el Mejor Atributo<\/h4>\n<p>Finalmente, una de las lecciones m\u00e1s importantes que Par\u00eds tiene para ofrecer es la confianza en uno mismo. Todas las mujeres que caminan por las avenidas de la ciudad lo hacen con orgullo, mostrando quienes son sin temor al juicio ajeno. La clave est\u00e1 en aceptar tus imperfecciones y abrazar lo que te hace \u00fanica. Esta actitud galvaniza no solo la manera en que te ves, sino tambi\u00e9n c\u00f3mo interact\u00faas con el mundo. La autoconfianza se irradia, convirti\u00e9ndose en un atributo sumamente atractivo que trasciende el aspecto f\u00edsico.<\/p>\n<h3>Conclusi\u00f3n<\/h3>\n<p>Explorar Par\u00eds no solo es un deleite para los sentidos a trav\u00e9s de su gastronom\u00eda, historia y arte, sino tambi\u00e9n un viaje hacia la autoexpresi\u00f3n y la autenticidad. Estas tres claves de belleza nos ense\u00f1an que la verdadera elegancia y encanto residen en la simplicidad, en la moda personal y en la confianza. Atra\u00eddos por el esp\u00edritu vibrante de la ciudad, todos podemos encontrar la inspiraci\u00f3n para brillar, no solo en Par\u00eds, sino en cualquier rinc\u00f3n del mundo. As\u00ed que, al planear tu pr\u00f3xima escapada, recuerda no solo visitar sus emblem\u00e1ticos monumentos, sino tambi\u00e9n abrazar la esencia de la belleza que emana de sus calles.<\/p>\n<p><em> &#8221; Fuentes columnadigital.com &#8221; <\/em><\/p>\n","protected":false},"excerpt":{"rendered":"<p>Descubriendo la Belleza de Par\u00eds: Tres Claves para Resplandecer Par\u00eds, la rom\u00e1ntica capital de Francia, no solo es famosa por su arquitectura ic\u00f3nica y rica historia, sino tambi\u00e9n por ser un faro de estilo y elegancia. Los secretos de la belleza parisina han fascinado a generaciones, y en este viaje por la Ciudad de la [&hellip;]<\/p>\n","protected":false},"author":4,"featured_media":1123391,"comment_status":"open","ping_status":"closed","sticky":false,"template":"","format":"standard","meta":{"om_disable_all_campaigns":false,"jnews-multi-image_gallery":[],"jnews_single_post":[],"jnews_primary_category":[],"jnews_social_meta":[],"footnotes":""},"categories":[39],"tags":[3381,223075,233985,69563,172557,82365,3743,7758,1720,76796,775,659,2289,32076,2182],"class_list":["post-1123390","post","type-post","status-publish","format-standard","has-post-thumbnail","hentry","category-viajes","tag-belleza","tag-claves-de-belleza","tag-columna-digital","tag-cosmeticos","tag-cuidado-personal","tag-dimension-turistica","tag-diseno","tag-estilo","tag-estilo-de-vida","tag-glamour","tag-innovacion","tag-moda","tag-paris","tag-semana-de-la-moda","tag-tendencias"],"_links":{"self":[{"href":"https:\/\/dimensionturistica.com\/es\/wp-json\/wp\/v2\/posts\/1123390","targetHints":{"allow":["GET"]}}],"collection":[{"href":"https:\/\/dimensionturistica.com\/es\/wp-json\/wp\/v2\/posts"}],"about":[{"href":"https:\/\/dimensionturistica.com\/es\/wp-json\/wp\/v2\/types\/post"}],"author":[{"embeddable":true,"href":"https:\/\/dimensionturistica.com\/es\/wp-json\/wp\/v2\/users\/4"}],"replies":[{"embeddable":true,"href":"https:\/\/dimensionturistica.com\/es\/wp-json\/wp\/v2\/comments?post=1123390"}],"version-history":[{"count":1,"href":"https:\/\/dimensionturistica.com\/es\/wp-json\/wp\/v2\/posts\/1123390\/revisions"}],"predecessor-version":[{"id":1123392,"href":"https:\/\/dimensionturistica.com\/es\/wp-json\/wp\/v2\/posts\/1123390\/revisions\/1123392"}],"wp:featuredmedia":[{"embeddable":true,"href":"https:\/\/dimensionturistica.com\/es\/wp-json\/wp\/v2\/media\/1123391"}],"wp:attachment":[{"href":"https:\/\/dimensionturistica.com\/es\/wp-json\/wp\/v2\/media?parent=1123390"}],"wp:term":[{"taxonomy":"category","embeddable":true,"href":"https:\/\/dimensionturistica.com\/es\/wp-json\/wp\/v2\/categories?post=1123390"},{"taxonomy":"post_tag","embeddable":true,"href":"https:\/\/dimensionturistica.com\/es\/wp-json\/wp\/v2\/tags?post=1123390"}],"curies":[{"name":"wp","href":"https:\/\/api.w.org\/{rel}","templated":true}]}}