{"id":1123362,"date":"2026-03-12T00:53:36","date_gmt":"2026-03-12T00:53:36","guid":{"rendered":"https:\/\/dimensionturistica.com\/es\/?p=1123362"},"modified":"2026-03-12T00:53:36","modified_gmt":"2026-03-12T00:53:36","slug":"ire-a-nueva-york-por-una-semana-para-trabajar-arduamente-asi-que-decidi-que-mi-esposa-me-acompanara-en-el-vuelo-oficial","status":"publish","type":"post","link":"https:\/\/dimensionturistica.com\/es\/ire-a-nueva-york-por-una-semana-para-trabajar-arduamente-asi-que-decidi-que-mi-esposa-me-acompanara-en-el-vuelo-oficial\/","title":{"rendered":"Ir\u00e9 a Nueva York por una semana para trabajar arduamente, as\u00ed que decid\u00ed que mi esposa me acompa\u00f1ara en el vuelo oficial."},"content":{"rendered":"<h3>Viajes Presidenciales: Un Vistazo a la Vida Privada de los L\u00edderes<\/h3>\n<p>Los viajes de un presidente son, sin duda, eventos de alto perfil que atraen la atenci\u00f3n de los medios y del p\u00fablico en general. Sin embargo, hay matices en estas traves\u00edas oficiales que a menudo quedan fuera del foco. Recientemente, un aspecto de la vida personal de un l\u00edder ha cobrado relevancia: la decisi\u00f3n de llevar a su c\u00f3nyuge en un vuelo oficial.<\/p>\n<p>Imaginemos, por un momento, el ambiente del avi\u00f3n presidencial. La cabina, equipada con el confort necesario para largos trayectos, se convierte en un espacio donde se entrelazan deberes de Estado y la vida familiar. En este contexto particular, el funcionario decidi\u00f3 compartir este viaje con su esposa, planteando la pregunta sobre los l\u00edmites entre lo p\u00fablico y lo privado.<\/p>\n<p>La elecci\u00f3n de incluir a un familiar en un viaje oficial puede ser vista de diferentes maneras. Por un lado, puede interpretarse como un acto de humanizaci\u00f3n del l\u00edder, al mostrar que detr\u00e1s del protocolo y los compromisos, existe una persona con una vida familiar. Por otro lado, surge el cuestionamiento sobre el uso de recursos estatales para fines personales. Esta l\u00ednea difusa entre lo que es adecuado o no en el \u00e1mbito de la pol\u00edtica es un tema recurrente en el debate p\u00fablico.<\/p>\n<p>Las giras de un presidente generalmente est\u00e1n dise\u00f1adas para cumplir con agenda diplom\u00e1tica, firmar acuerdos y fortalecer la imagen del pa\u00eds en el mundo. Sin embargo, un viaje al lado de un ser querido puede aportar una dimensi\u00f3n adicional. Esto podr\u00eda reflejar una b\u00fasqueda de apoyo emocional en un entorno donde las decisiones son dif\u00edciles y las responsabilidades son abrumadoras.<\/p>\n<p>Adem\u00e1s, este tipo de situaciones abre la puerta a la discusi\u00f3n sobre la transparencia en la gesti\u00f3n p\u00fablica. La ciudadan\u00eda tiene el derecho de conocer c\u00f3mo se utilizan los recursos del Estado. Si bien los viajes oficiales son parte del deber de un funcionario, la inclusi\u00f3n de un compa\u00f1ero al viaje invita a reflexionar sobre la \u00e9tica en la administraci\u00f3n p\u00fablica.<\/p>\n<p>\u00bfQu\u00e9 opinan, entonces, los ciudadanos sobre este tipo de decisiones? Por un lado, algunos pueden ver en ello una se\u00f1al de que la vida privada y la responsabilidad p\u00fablica pueden coexistir, mientras que otros podr\u00edan considerarlo un uso inapropiado de un privilegio. Sin embargo, las repercusiones de estas decisiones son tambi\u00e9n parte del juego pol\u00edtico, donde cada acci\u00f3n puede resultar en un eco medi\u00e1tico inmediato.<\/p>\n<p>As\u00ed, el viaje en avi\u00f3n presidencial no solo es un medio de transporte; es un microcosmos que refleja las din\u00e1micas del liderazgo. En cada despegue, cada aterrizaje, y cada instante en el aire, se tejen historias de amor, responsabilit\u00e9 y controversia. La vida de un presidente es un escenario donde lo personal y lo pol\u00edtico a menudo se entrelazan, creando un relato intrincado que va m\u00e1s all\u00e1 de la pol\u00edtica misma.<\/p>\n<p>En conclusi\u00f3n, los viajes presidenciales deber\u00edan ser entendidos como un fen\u00f3meno complejo que invita a la reflexi\u00f3n. Cada decisi\u00f3n, cada viaje, es un recordatorio de que, detr\u00e1s de la figura p\u00fablica, hay individuos con emociones, relaciones y decisiones que, aunque pol\u00edticas, tambi\u00e9n son profundamente humanas.<\/p>\n<p><em> &#8221; Fuentes www.lanacion.com.ar &#8221; <\/em><\/p>\n","protected":false},"excerpt":{"rendered":"<p>Viajes Presidenciales: Un Vistazo a la Vida Privada de los L\u00edderes Los viajes de un presidente son, sin duda, eventos de alto perfil que atraen la atenci\u00f3n de los medios y del p\u00fablico en general. Sin embargo, hay matices en estas traves\u00edas oficiales que a menudo quedan fuera del foco. Recientemente, un aspecto de la [&hellip;]<\/p>\n","protected":false},"author":4,"featured_media":1123363,"comment_status":"open","ping_status":"closed","sticky":false,"template":"","format":"standard","meta":{"om_disable_all_campaigns":false,"jnews-multi-image_gallery":[],"jnews_single_post":[],"jnews_primary_category":[],"jnews_social_meta":[],"footnotes":""},"categories":[39],"tags":[198458,25000,5034,50098,2506,546,157952,681,32484],"class_list":["post-1123362","post","type-post","status-publish","format-standard","has-post-thumbnail","hentry","category-viajes","tag-adorni","tag-avion-presidencial","tag-esposa","tag-justificacion","tag-nueva-york","tag-politica","tag-relaciones-personales","tag-viaje","tag-viaje-de-trabajo"],"_links":{"self":[{"href":"https:\/\/dimensionturistica.com\/es\/wp-json\/wp\/v2\/posts\/1123362","targetHints":{"allow":["GET"]}}],"collection":[{"href":"https:\/\/dimensionturistica.com\/es\/wp-json\/wp\/v2\/posts"}],"about":[{"href":"https:\/\/dimensionturistica.com\/es\/wp-json\/wp\/v2\/types\/post"}],"author":[{"embeddable":true,"href":"https:\/\/dimensionturistica.com\/es\/wp-json\/wp\/v2\/users\/4"}],"replies":[{"embeddable":true,"href":"https:\/\/dimensionturistica.com\/es\/wp-json\/wp\/v2\/comments?post=1123362"}],"version-history":[{"count":1,"href":"https:\/\/dimensionturistica.com\/es\/wp-json\/wp\/v2\/posts\/1123362\/revisions"}],"predecessor-version":[{"id":1123364,"href":"https:\/\/dimensionturistica.com\/es\/wp-json\/wp\/v2\/posts\/1123362\/revisions\/1123364"}],"wp:featuredmedia":[{"embeddable":true,"href":"https:\/\/dimensionturistica.com\/es\/wp-json\/wp\/v2\/media\/1123363"}],"wp:attachment":[{"href":"https:\/\/dimensionturistica.com\/es\/wp-json\/wp\/v2\/media?parent=1123362"}],"wp:term":[{"taxonomy":"category","embeddable":true,"href":"https:\/\/dimensionturistica.com\/es\/wp-json\/wp\/v2\/categories?post=1123362"},{"taxonomy":"post_tag","embeddable":true,"href":"https:\/\/dimensionturistica.com\/es\/wp-json\/wp\/v2\/tags?post=1123362"}],"curies":[{"name":"wp","href":"https:\/\/api.w.org\/{rel}","templated":true}]}}