{"id":1123286,"date":"2026-03-11T20:03:43","date_gmt":"2026-03-11T20:03:43","guid":{"rendered":"https:\/\/dimensionturistica.com\/es\/?p=1123286"},"modified":"2026-03-11T20:03:43","modified_gmt":"2026-03-11T20:03:43","slug":"viajes-y-comercio-acapulco-se-alista-para-su-tianguis-turistico-se-aproxima-la-feria-nacional-del-cafe-y-el-festival-internacional-de-la-orquidea-en-coatepec","status":"publish","type":"post","link":"https:\/\/dimensionturistica.com\/es\/viajes-y-comercio-acapulco-se-alista-para-su-tianguis-turistico-se-aproxima-la-feria-nacional-del-cafe-y-el-festival-internacional-de-la-orquidea-en-coatepec\/","title":{"rendered":"Viajes y Comercio: Acapulco se alista para su Tianguis Tur\u00edstico; se aproxima la Feria Nacional del Caf\u00e9 y el Festival Internacional de la Orqu\u00eddea en Coatepec"},"content":{"rendered":"<h3>Acapulco y Coatepec: Dos Destinos Imperdibles en el Coraz\u00f3n de M\u00e9xico<\/h3>\n<p>M\u00e9xico es un pa\u00eds de maravillas y tradiciones, donde los viajes se convierten en experiencias inigualables. Este 2023, dos destinos emblem\u00e1ticos se destacan en el calendario tur\u00edstico nacional: Acapulco, con su Tianguis Tur\u00edstico, y Coatepec, que se iluminar\u00e1 con la Feria Nacional del Caf\u00e9 y el Festival Internacional de la Orqu\u00eddea. Ambas ofertas garantizan momentos inolvidables y una inmersi\u00f3n cultural profunda que har\u00e1 vibrar a los visitantes.<\/p>\n<h4>Acapulco: Renacer de un Cl\u00e1sico<\/h4>\n<p>Acapulco, el ic\u00f3nico puerto mexicano, est\u00e1 listo para recibir a miles de turistas de todo el pa\u00eds y del extranjero en su Tianguis Tur\u00edstico. Este evento no es solo una plataforma para promover la riqueza tur\u00edstica de la regi\u00f3n, sino tambi\u00e9n una celebraci\u00f3n de la diversidad y la cultura que este destino ha cultivado a lo largo de los a\u00f1os. Durante unas jornadas llenas de actividades, se abrir\u00e1n espacios para la muestra de gastronom\u00eda local, tradiciones artesanales, entretenimiento y negocios, donde se espera que inversionistas y emprendedores hagan networking en un ambiente vibrante.<\/p>\n<p>Recorriendo sus playas y disfrutando de su variada oferta gastron\u00f3mica, los visitantes tambi\u00e9n podr\u00e1n deleitarse con atracciones ic\u00f3nicas como la Quebrada y sus impresionantes clavados, as\u00ed como la oportunidad de explorar la vida nocturna que ha mantenido a Acapulco como uno de los destinos preferidos.<\/p>\n<h4>Coatepec: Aroma a Caf\u00e9 y Color de Orqu\u00eddeas<\/h4>\n<p>A pocos pasos de Acapulco, Coatepec, conocido por su rica tradici\u00f3n cafetalera, se prepara para dar la bienvenida a la Feria Nacional del Caf\u00e9. Este evento promete poner de manifiesto todo lo que este municipio tiene que ofrecer, desde catas de caf\u00e9 exquisitas hasta talleres que ense\u00f1an sobre la producci\u00f3n y cultivo de esta bebida que ha conquistado paladares en todo el mundo. Adem\u00e1s, el festival brindar\u00e1 una oportunidad \u00fanica para que los amantes del caf\u00e9 y los curiosos descubran el proceso detr\u00e1s de cada taza, favoreciendo el comercio local y el desarrollo sostenible de la regi\u00f3n.<\/p>\n<p>Aunado a esto, el Festival Internacional de la Orqu\u00eddea ser\u00e1 un deleite para los sentidos, ofreciendo una exhibici\u00f3n de la belleza natural de estas flores. Jardineros, artistas y amantes de la naturaleza podr\u00e1n integrar un recorrido lleno de colores vibrantes y fragancias cautivadoras que envolver\u00e1n el entorno diurno de Coatepec.<\/p>\n<h4>Una Experiencia Cultural Completa<\/h4>\n<p>Tanto Acapulco como Coatepec son destinos que, en conjunto, ofrecen una mezcla perfecta de relax, aventura y cultura. Las tradiciones enriquecen la vida cotidiana de sus habitantes y se reflejan en cada rinc\u00f3n, desde un platillo t\u00edpico hasta un evento festivo. Por si fuera poco, las oportunidades para disfrutar de la hospitalidad mexicana son infinitas: paseos por la playa, recorridos por plantaciones de caf\u00e9, y visitas a jardines de orqu\u00eddeas.<\/p>\n<p>No hay duda de que este a\u00f1o, viajar a estos destinos significa embarcarse en una aventura donde la historia, la cultura y la belleza natural se encuentran en cada esquina. As\u00ed que prepara tus maletas y d\u00e9jate llevar por el encanto que M\u00e9xico tiene reservado para ti en Acapulco y Coatepec, donde la experiencia tur\u00edstica se entrelaza con la calidez humana. \u00a1El viaje te espera!<\/p>\n<p><em> &#8221; Fuentes www.elsoldemexico.com.mx &#8221; <\/em><\/p>\n","protected":false},"excerpt":{"rendered":"<p>Acapulco y Coatepec: Dos Destinos Imperdibles en el Coraz\u00f3n de M\u00e9xico M\u00e9xico es un pa\u00eds de maravillas y tradiciones, donde los viajes se convierten en experiencias inigualables. Este 2023, dos destinos emblem\u00e1ticos se destacan en el calendario tur\u00edstico nacional: Acapulco, con su Tianguis Tur\u00edstico, y Coatepec, que se iluminar\u00e1 con la Feria Nacional del Caf\u00e9 [&hellip;]<\/p>\n","protected":false},"author":4,"featured_media":1123287,"comment_status":"open","ping_status":"closed","sticky":false,"template":"","format":"standard","meta":{"om_disable_all_campaigns":false,"jnews-multi-image_gallery":[],"jnews_single_post":[],"jnews_primary_category":[],"jnews_social_meta":[],"footnotes":""},"categories":[39],"tags":[3149,34878,724,270862,270863,769,1935,1791,544,545],"class_list":["post-1123286","post","type-post","status-publish","format-standard","has-post-thumbnail","hentry","category-viajes","tag-acapulco","tag-coatepec","tag-eventos","tag-feria-nacional-del-cafe","tag-festival-internacional-de-la-orquidea","tag-mexico","tag-negocios","tag-tianguis-turistico","tag-turismo","tag-viajes"],"_links":{"self":[{"href":"https:\/\/dimensionturistica.com\/es\/wp-json\/wp\/v2\/posts\/1123286","targetHints":{"allow":["GET"]}}],"collection":[{"href":"https:\/\/dimensionturistica.com\/es\/wp-json\/wp\/v2\/posts"}],"about":[{"href":"https:\/\/dimensionturistica.com\/es\/wp-json\/wp\/v2\/types\/post"}],"author":[{"embeddable":true,"href":"https:\/\/dimensionturistica.com\/es\/wp-json\/wp\/v2\/users\/4"}],"replies":[{"embeddable":true,"href":"https:\/\/dimensionturistica.com\/es\/wp-json\/wp\/v2\/comments?post=1123286"}],"version-history":[{"count":1,"href":"https:\/\/dimensionturistica.com\/es\/wp-json\/wp\/v2\/posts\/1123286\/revisions"}],"predecessor-version":[{"id":1123288,"href":"https:\/\/dimensionturistica.com\/es\/wp-json\/wp\/v2\/posts\/1123286\/revisions\/1123288"}],"wp:featuredmedia":[{"embeddable":true,"href":"https:\/\/dimensionturistica.com\/es\/wp-json\/wp\/v2\/media\/1123287"}],"wp:attachment":[{"href":"https:\/\/dimensionturistica.com\/es\/wp-json\/wp\/v2\/media?parent=1123286"}],"wp:term":[{"taxonomy":"category","embeddable":true,"href":"https:\/\/dimensionturistica.com\/es\/wp-json\/wp\/v2\/categories?post=1123286"},{"taxonomy":"post_tag","embeddable":true,"href":"https:\/\/dimensionturistica.com\/es\/wp-json\/wp\/v2\/tags?post=1123286"}],"curies":[{"name":"wp","href":"https:\/\/api.w.org\/{rel}","templated":true}]}}