{"id":1123141,"date":"2026-03-11T11:59:24","date_gmt":"2026-03-11T11:59:24","guid":{"rendered":"https:\/\/dimensionturistica.com\/es\/?p=1123141"},"modified":"2026-03-11T11:59:24","modified_gmt":"2026-03-11T11:59:24","slug":"como-ver-la-transmision-en-vivo-de-la-fiesta-de-los-oscars-de-vanity-fair-2026","status":"publish","type":"post","link":"https:\/\/dimensionturistica.com\/es\/como-ver-la-transmision-en-vivo-de-la-fiesta-de-los-oscars-de-vanity-fair-2026\/","title":{"rendered":"C\u00f3mo Ver la Transmisi\u00f3n en Vivo de la Fiesta de los Oscars de Vanity Fair 2026"},"content":{"rendered":"<h3>El Glamour de la Fiesta de Vanity Fair: Todo lo que Necesitas Saber para No Perderte el Evento del A\u00f1o<\/h3>\n<p>La temporada de premios est\u00e1 en pleno apogeo y con ella llega uno de los eventos m\u00e1s esperados en el mundo de la moda y el cine: la fiesta de Vanity Fair luego de la entrega de los Oscar. Este evento no solo es una celebraci\u00f3n de los logros cinematogr\u00e1ficos, sino tambi\u00e9n una pasarela excepcional donde se fusionan tendencias, estilo y glamour.<\/p>\n<h4>\u00bfC\u00f3mo Disfrutar de la Fiesta desde Casa?<\/h4>\n<p>Para aquellos que desean ser parte de la experiencia desde la comodidad de su hogar, las opciones de livestream se multiplican. Las plataformas m\u00e1s populares transmitir\u00e1n el evento en tiempo real, permitiendo a los espectadores disfrutar de cada detalle, desde el vestuario de las estrellas hasta las conversaciones m\u00e1s exclusivas. <\/p>\n<p><strong>Consejos para No Perderse Nada:<\/strong><\/p>\n<ol>\n<li><strong>Plataforma Elegida:<\/strong> Aseg\u00farate de conocer qu\u00e9 aplicaci\u00f3n o sitio web estar\u00e1 transmitiendo el evento. Las redes sociales tambi\u00e9n tendr\u00e1n cobertura en tiempo real.<\/li>\n<li><strong>Agenda Tu Noche:<\/strong> El evento suele tener un horario espec\u00edfico. Prepara tus snacks y bebida favorita para disfrutar al m\u00e1ximo del espect\u00e1culo.<\/li>\n<\/ol>\n<h4>El Vestuario: Un Festival de Estilo<\/h4>\n<p>La fiesta de Vanity Fair es reconocida por ser un escaparate de tendencias. Los asistentes, que incluyen a actores, m\u00fasicos y dise\u00f1adores, lucen atuendos deslumbrantes que marcan pauta en la moda. Este a\u00f1o, se espera una mezcla de estilos cl\u00e1sicos y atrevidos, con siluetas innovadoras y una paleta de colores que seguramente capturar\u00e1 la atenci\u00f3n de todos.<\/p>\n<p><strong>Tendencias a Esperar:<\/strong><\/p>\n<ul>\n<li><strong>Sostenibilidad en la Moda:<\/strong> Cada vez m\u00e1s, los dise\u00f1adores est\u00e1n optando por materiales y pr\u00e1cticas sostenibles. La conciencia ambiental est\u00e1 presente en la elecci\u00f3n de los atuendos.<\/li>\n<li><strong>Estilo Retro:<\/strong> La moda nunca olvida sus ra\u00edces y el retro siempre vuelve. Ser\u00e1 interesante observar c\u00f3mo los grandes nombres reinterpretan \u00e9pocas pasadas.<\/li>\n<\/ul>\n<h4>Momentos que Definir\u00e1n la Noche<\/h4>\n<p>M\u00e1s all\u00e1 de los atuendos, los discursos y las interacciones entre celebridades son igualmente imperdibles. Algunos momentos memorables del pasado han quedado grabados en la historia del cine y la moda. La espontaneidad de los eventos en vivo a menudo produce reacciones y conversaciones en redes sociales, creando un eco que resuena mucho despu\u00e9s de que las luces se apagan.<\/p>\n<h4>\u00bfQui\u00e9nes Estar\u00e1n en el Centro de Atenci\u00f3n?<\/h4>\n<p>Este a\u00f1o, las especulaciones sobre los asistentes incluyen nombres ic\u00f3nicos y emergentes. La combinaci\u00f3n de nuevas caras con veteranos del espect\u00e1culo proporciona un inter\u00e9s a\u00f1adido, ya que las redes sociales se llenar\u00e1n de reacciones de los fans y cr\u00edticas de la moda casi de inmediato.<\/p>\n<h4>Con\u00e9ctate y Comparte<\/h4>\n<p>La fiesta de Vanity Fair no solo es un evento, es un fen\u00f3meno cultural que se vive en tiempo real. Interactuar en redes sociales, comentar sobre los looks y compartir momentos destacados puede convertirte en parte de la conversaci\u00f3n mundial alrededor de la moda. Usa hashtags relacionados y conecta con otros amantes del estilo para enriquecer tu experiencia.<\/p>\n<h3>El Impacto de la Fiesta<\/h3>\n<p>La fiesta de Vanity Fair se ha consolidado como un evento que trasciende la entrega de premios. Atrae a millones de miradas, no solo por las pel\u00edculas en juego, sino por el espect\u00e1culo de moda y la cultura que la rodea. Mantente atento, porque lo que suceda en esta velada probablemente marcar\u00e1 tendencias durante el resto del a\u00f1o.<\/p>\n<p>Aprovecha la oportunidad de sumergirte en el esplendor de la noche y vivir momentos que, sin duda, estar\u00e1n en boca de todos. La fiesta de Vanity Fair promete ser una explosi\u00f3n de talento, creatividad y, sobre todo, moda. \u00a1Prep\u00e1rate para disfrutar del evento del a\u00f1o!<\/p>\n<p><em> &#8221; Fuentes www.vogue.com &#8221; <\/em><\/p>\n","protected":false},"excerpt":{"rendered":"<p>El Glamour de la Fiesta de Vanity Fair: Todo lo que Necesitas Saber para No Perderte el Evento del A\u00f1o La temporada de premios est\u00e1 en pleno apogeo y con ella llega uno de los eventos m\u00e1s esperados en el mundo de la moda y el cine: la fiesta de Vanity Fair luego de la [&hellip;]<\/p>\n","protected":false},"author":14,"featured_media":1123142,"comment_status":"open","ping_status":"closed","sticky":false,"template":"","format":"standard","meta":{"om_disable_all_campaigns":false,"jnews-multi-image_gallery":[],"jnews_single_post":[],"jnews_primary_category":[],"jnews_social_meta":[],"footnotes":""},"categories":[144872],"tags":[55723,198620,225,200981,211920,210711,212121,210710],"class_list":["post-1123141","post","type-post","status-publish","format-standard","has-post-thumbnail","hentry","category-fashion","tag-55723","tag-awards-season","tag-entertainment","tag-how-to-watch","tag-livestream","tag-oscar-party","tag-oscars-2026","tag-vanity-fair"],"_links":{"self":[{"href":"https:\/\/dimensionturistica.com\/es\/wp-json\/wp\/v2\/posts\/1123141","targetHints":{"allow":["GET"]}}],"collection":[{"href":"https:\/\/dimensionturistica.com\/es\/wp-json\/wp\/v2\/posts"}],"about":[{"href":"https:\/\/dimensionturistica.com\/es\/wp-json\/wp\/v2\/types\/post"}],"author":[{"embeddable":true,"href":"https:\/\/dimensionturistica.com\/es\/wp-json\/wp\/v2\/users\/14"}],"replies":[{"embeddable":true,"href":"https:\/\/dimensionturistica.com\/es\/wp-json\/wp\/v2\/comments?post=1123141"}],"version-history":[{"count":1,"href":"https:\/\/dimensionturistica.com\/es\/wp-json\/wp\/v2\/posts\/1123141\/revisions"}],"predecessor-version":[{"id":1123143,"href":"https:\/\/dimensionturistica.com\/es\/wp-json\/wp\/v2\/posts\/1123141\/revisions\/1123143"}],"wp:featuredmedia":[{"embeddable":true,"href":"https:\/\/dimensionturistica.com\/es\/wp-json\/wp\/v2\/media\/1123142"}],"wp:attachment":[{"href":"https:\/\/dimensionturistica.com\/es\/wp-json\/wp\/v2\/media?parent=1123141"}],"wp:term":[{"taxonomy":"category","embeddable":true,"href":"https:\/\/dimensionturistica.com\/es\/wp-json\/wp\/v2\/categories?post=1123141"},{"taxonomy":"post_tag","embeddable":true,"href":"https:\/\/dimensionturistica.com\/es\/wp-json\/wp\/v2\/tags?post=1123141"}],"curies":[{"name":"wp","href":"https:\/\/api.w.org\/{rel}","templated":true}]}}